{"id":21960,"date":"2024-08-29T11:04:28","date_gmt":"2024-08-29T09:04:28","guid":{"rendered":"https:\/\/www.lillegrandpalais.com\/leblog\/?p=21960"},"modified":"2026-02-19T09:53:06","modified_gmt":"2026-02-19T08:53:06","slug":"lille-horse-event-ca-va-chevaucher-du-12-au-15-decembre-a-lille-grand-palais","status":"publish","type":"post","link":"https:\/\/www.lillegrandpalais.com\/leblog\/nos-productions\/lille-horse-event-ca-va-chevaucher-du-12-au-15-decembre-a-lille-grand-palais\/","title":{"rendered":"Lille Horse Event\u00a0:\u00a0\u00e7a va chevaucher du 12 au 15 d\u00e9cembre \u00e0 Lille Grand Palais\u00a0!"},"content":{"rendered":"\n<p>Un salon du cheval coupl\u00e9 \u00e0 un jumping international, voici la promesse de cet \u00e9v\u00e9nement in\u00e9dit produit et organis\u00e9 par Lille Grand Palais &#8211; Z\u00e9nith de Lille. Avec 70 000 licenci\u00e9s dont 9 000 dans le seul r\u00e9seau \u00e9questre de la <a href=\"https:\/\/www.lillemetropole.fr\/\">MEL<\/a>, la r\u00e9gion Hauts-de-France est la 2<sup>\u00e8me<\/sup> r\u00e9gion \u00e9questre de France. L\u2019id\u00e9e d\u2019organiser un \u00e9v\u00e9nement complet autour du cheval a ainsi rapidement trott\u00e9 dans la t\u00eate des organisateurs&nbsp;lillois&nbsp;: <em>\u00ab&nbsp;Le secteur \u00e9questre est le 1<sup>er<\/sup> employeur sportif en France, un cavalier sur quatre y pratique la comp\u00e9tition. Il y a donc un rayonnement \u00e9conomique ind\u00e9niable. De plus, un tel \u00e9v\u00e9nement au nord de Paris n\u2019existait pas, nous avons donc saisi l\u2019opportunit\u00e9&nbsp;\u00bb,<\/em> explique Ingrid Hardy, Directrice des Projets \u00e0 Lille Grand Palais.<\/p>\n\n\n\n<figure class=\"wp-block-embed is-type-video is-provider-youtube wp-block-embed-youtube wp-embed-aspect-16-9 wp-has-aspect-ratio\"><div class=\"wp-block-embed__wrapper\">\n<iframe title=\"Lille Horse Event, le salon &amp; jumping CSI 3* au nord de Paris !\" width=\"500\" height=\"281\" data-src=\"https:\/\/www.youtube.com\/embed\/v_MPHobzVxk?feature=oembed\" frameborder=\"0\" allow=\"accelerometer; autoplay; clipboard-write; encrypted-media; gyroscope; picture-in-picture; web-share\" referrerpolicy=\"strict-origin-when-cross-origin\" allowfullscreen src=\"data:image\/gif;base64,R0lGODlhAQABAAAAACH5BAEKAAEALAAAAAABAAEAAAICTAEAOw==\" class=\"lazyload\" data-load-mode=\"1\"><\/iframe>\n<\/div><\/figure>\n\n\n\n<p>12 000 visiteurs sont attendus pour ce qui s\u2019annonce d\u00e9j\u00e0 comme un immense succ\u00e8s populaire. Et un gros d\u00e9fi logistique pour les \u00e9quipes de Lille Grand Palais et du Z\u00e9nith. Du jamais vu&nbsp;! <em>\u00ab&nbsp;Le salon et le jumping se tiendront dans les halls de Lille Grand Palais, tandis que la fosse du Z\u00e9nith sera r\u00e9quisitionn\u00e9e pour accueillir les \u00e9curies \u00bb,<\/em> pr\u00e9cise Alexia Chevassu, Responsable \u00c9v\u00e9nements.&nbsp;&nbsp;<\/p>\n\n\n\n<p>Avec plus de 120 exposants, les amateurs et les passionn\u00e9s d\u2019\u00e9quitation pourront trouver tout ce dont ils ont besoin pour pratiquer leur sport favori. De nombreuses animations seront \u00e9galement propos\u00e9es aux visiteurs entre les comp\u00e9titions&nbsp;: voltige, dressage, attelage, horse-ball, equifeel. Pour sa 1<sup>\u00e8re<\/sup> \u00e9dition,&nbsp;le saut d\u2019obstacles sera par\u00e9 de 3 \u00e9toiles. <em>\u00ab&nbsp;Nous avons travaill\u00e9 en collaboration avec le <\/em><a href=\"https:\/\/crehautsdefrance.com\/\"><em>CRE Hauts-de-France<\/em><\/a><em> pour concevoir l\u2019\u00e9v\u00e9nement&nbsp;\u00bb,<\/em> indique Ingrid Hardy. Pendant 4 jours, on retiendra son souffle \u00e0 chaque saut, en guettant les barres, une chute, un refus\u2026 et bien s\u00fbr le sans-faute attendu de ces cavaliers chevronn\u00e9s.<\/p>\n\n\n<div class=\"wp-block-image\">\n<figure class=\"alignleft size-large is-resized\"><img decoding=\"async\" width=\"1024\" height=\"845\" data-src=\"https:\/\/www.lillegrandpalais.com\/leblog\/wp-content\/uploads\/sites\/4\/2024\/08\/PEP00188-2-e1724922935601-1024x845.jpg\" alt=\"\" class=\"wp-image-21974 lazyload\" style=\"--smush-placeholder-width: 1024px; --smush-placeholder-aspect-ratio: 1024\/845;width:360px;height:auto\" data-srcset=\"https:\/\/www.lillegrandpalais.com\/leblog\/wp-content\/uploads\/sites\/4\/2024\/08\/PEP00188-2-e1724922935601-1024x845.jpg 1024w, https:\/\/www.lillegrandpalais.com\/leblog\/wp-content\/uploads\/sites\/4\/2024\/08\/PEP00188-2-e1724922935601-300x248.jpg 300w, https:\/\/www.lillegrandpalais.com\/leblog\/wp-content\/uploads\/sites\/4\/2024\/08\/PEP00188-2-e1724922935601-768x634.jpg 768w\" data-sizes=\"(max-width: 1024px) 100vw, 1024px\" src=\"data:image\/gif;base64,R0lGODlhAQABAAAAACH5BAEKAAEALAAAAAABAAEAAAICTAEAOw==\" \/><\/figure>\n<\/div>\n\n\n<p>La 1<sup>\u00e8re<\/sup> \u00e9dition de Lille Horse Event sera plac\u00e9e sous le parrainage du cavalier douaisien <strong>Nicolas Delmotte<\/strong>. Un spectacle rare et de belles \u00e9motions \u00e0 partager en famille, entre amis et pourquoi pas entre coll\u00e8gues. 1 500 places en gradin et en loges sont r\u00e9serv\u00e9es aux entreprises qui souhaitent inviter leurs clients et collaborateurs pour un moment unique. <\/p>\n\n\n\n<p class=\"has-medium-font-size\">La billetterie est ouverte !<br>\ud83c\udfab <a href=\"https:\/\/www.lillehorseevent.com\/billetterie\/?utm_source=blog&amp;utm_medium=article&amp;utm_campaign=lgp-blog&amp;utm_term=article&amp;utm_content=20240902-lgp-articleblog-billetterielhe\">lillehorseevent.com\/billetterie <\/a><\/p>\n\n\n\n<p><\/p>\n","protected":false},"excerpt":{"rendered":"<p>Un salon du cheval coupl\u00e9 \u00e0 un jumping international, voici la promesse de cet \u00e9v\u00e9nement in\u00e9dit produit et organis\u00e9 par Lille Grand Palais &#8211; Z\u00e9nith de Lille. Avec 70 000 licenci\u00e9s dont 9 000 dans le seul r\u00e9seau \u00e9questre de la MEL, la r\u00e9gion Hauts-de-France est la 2\u00e8me r\u00e9gion \u00e9questre de France. L\u2019id\u00e9e d\u2019organiser un [&hellip;]<\/p>\n","protected":false},"author":6,"featured_media":21965,"comment_status":"open","ping_status":"open","sticky":false,"template":"","format":"standard","meta":{"_acf_changed":false,"footnotes":""},"categories":[909],"tags":[],"class_list":["post-21960","post","type-post","status-publish","format-standard","has-post-thumbnail","hentry","category-nos-productions"],"acf":[],"yoast_head":"<!-- This site is optimized with the Yoast SEO plugin v27.2 - https:\/\/yoast.com\/product\/yoast-seo-wordpress\/ -->\n<title>Lille Horse Event\u00a0:\u00a0\u00e7a va chevaucher du 12 au 15 d\u00e9cembre \u00e0 Lille Grand Palais\u00a0! - Blog<\/title>\n<meta name=\"robots\" content=\"index, follow, max-snippet:-1, max-image-preview:large, max-video-preview:-1\" \/>\n<link rel=\"canonical\" href=\"https:\/\/www.lillegrandpalais.com\/leblog\/nos-productions\/lille-horse-event-ca-va-chevaucher-du-12-au-15-decembre-a-lille-grand-palais\/\" \/>\n<meta property=\"og:locale\" content=\"fr_FR\" \/>\n<meta property=\"og:type\" content=\"article\" \/>\n<meta property=\"og:title\" content=\"Lille Horse Event\u00a0:\u00a0\u00e7a va chevaucher du 12 au 15 d\u00e9cembre \u00e0 Lille Grand Palais\u00a0! - Blog\" \/>\n<meta property=\"og:description\" content=\"Un salon du cheval coupl\u00e9 \u00e0 un jumping international, voici la promesse de cet \u00e9v\u00e9nement in\u00e9dit produit et organis\u00e9 par Lille Grand Palais &#8211; Z\u00e9nith de Lille. Avec 70 000 licenci\u00e9s dont 9 000 dans le seul r\u00e9seau \u00e9questre de la MEL, la r\u00e9gion Hauts-de-France est la 2\u00e8me r\u00e9gion \u00e9questre de France. L\u2019id\u00e9e d\u2019organiser un [&hellip;]\" \/>\n<meta property=\"og:url\" content=\"https:\/\/www.lillegrandpalais.com\/leblog\/nos-productions\/lille-horse-event-ca-va-chevaucher-du-12-au-15-decembre-a-lille-grand-palais\/\" \/>\n<meta property=\"og:site_name\" content=\"Blog\" \/>\n<meta property=\"article:published_time\" content=\"2024-08-29T09:04:28+00:00\" \/>\n<meta property=\"article:modified_time\" content=\"2026-02-19T08:53:06+00:00\" \/>\n<meta property=\"og:image\" content=\"https:\/\/www.lillegrandpalais.com\/leblog\/wp-content\/uploads\/sites\/4\/2024\/08\/17092021-_MPO3826-e1724922601774.jpg\" \/>\n\t<meta property=\"og:image:width\" content=\"2900\" \/>\n\t<meta property=\"og:image:height\" content=\"1370\" \/>\n\t<meta property=\"og:image:type\" content=\"image\/jpeg\" \/>\n<meta name=\"twitter:card\" content=\"summary_large_image\" \/>\n<meta name=\"twitter:label1\" content=\"\u00c9crit par\" \/>\n\t<meta name=\"twitter:data1\" content=\"\" \/>\n\t<meta name=\"twitter:label2\" content=\"Dur\u00e9e de lecture estim\u00e9e\" \/>\n\t<meta name=\"twitter:data2\" content=\"3 minutes\" \/>\n<script type=\"application\/ld+json\" class=\"yoast-schema-graph\">{\"@context\":\"https:\/\/schema.org\",\"@graph\":[{\"@type\":\"Article\",\"@id\":\"https:\/\/www.lillegrandpalais.com\/leblog\/nos-productions\/lille-horse-event-ca-va-chevaucher-du-12-au-15-decembre-a-lille-grand-palais\/#article\",\"isPartOf\":{\"@id\":\"https:\/\/www.lillegrandpalais.com\/leblog\/nos-productions\/lille-horse-event-ca-va-chevaucher-du-12-au-15-decembre-a-lille-grand-palais\/\"},\"author\":{\"name\":\"\",\"@id\":\"\"},\"headline\":\"Lille Horse Event\u00a0:\u00a0\u00e7a va chevaucher du 12 au 15 d\u00e9cembre \u00e0 Lille Grand Palais\u00a0!\",\"datePublished\":\"2024-08-29T09:04:28+00:00\",\"dateModified\":\"2026-02-19T08:53:06+00:00\",\"mainEntityOfPage\":{\"@id\":\"https:\/\/www.lillegrandpalais.com\/leblog\/nos-productions\/lille-horse-event-ca-va-chevaucher-du-12-au-15-decembre-a-lille-grand-palais\/\"},\"wordCount\":401,\"commentCount\":0,\"image\":{\"@id\":\"https:\/\/www.lillegrandpalais.com\/leblog\/nos-productions\/lille-horse-event-ca-va-chevaucher-du-12-au-15-decembre-a-lille-grand-palais\/#primaryimage\"},\"thumbnailUrl\":\"https:\/\/www.lillegrandpalais.com\/leblog\/wp-content\/uploads\/sites\/4\/2024\/08\/17092021-_MPO3826-e1724922601774.jpg\",\"articleSection\":[\"Nos productions\"],\"inLanguage\":\"fr-FR\",\"potentialAction\":[{\"@type\":\"CommentAction\",\"name\":\"Comment\",\"target\":[\"https:\/\/www.lillegrandpalais.com\/leblog\/nos-productions\/lille-horse-event-ca-va-chevaucher-du-12-au-15-decembre-a-lille-grand-palais\/#respond\"]}]},{\"@type\":\"WebPage\",\"@id\":\"https:\/\/www.lillegrandpalais.com\/leblog\/nos-productions\/lille-horse-event-ca-va-chevaucher-du-12-au-15-decembre-a-lille-grand-palais\/\",\"url\":\"https:\/\/www.lillegrandpalais.com\/leblog\/nos-productions\/lille-horse-event-ca-va-chevaucher-du-12-au-15-decembre-a-lille-grand-palais\/\",\"name\":\"Lille Horse Event\u00a0:\u00a0\u00e7a va chevaucher du 12 au 15 d\u00e9cembre \u00e0 Lille Grand Palais\u00a0! - Blog\",\"isPartOf\":{\"@id\":\"https:\/\/www.lillegrandpalais.com\/leblog\/#website\"},\"primaryImageOfPage\":{\"@id\":\"https:\/\/www.lillegrandpalais.com\/leblog\/nos-productions\/lille-horse-event-ca-va-chevaucher-du-12-au-15-decembre-a-lille-grand-palais\/#primaryimage\"},\"image\":{\"@id\":\"https:\/\/www.lillegrandpalais.com\/leblog\/nos-productions\/lille-horse-event-ca-va-chevaucher-du-12-au-15-decembre-a-lille-grand-palais\/#primaryimage\"},\"thumbnailUrl\":\"https:\/\/www.lillegrandpalais.com\/leblog\/wp-content\/uploads\/sites\/4\/2024\/08\/17092021-_MPO3826-e1724922601774.jpg\",\"datePublished\":\"2024-08-29T09:04:28+00:00\",\"dateModified\":\"2026-02-19T08:53:06+00:00\",\"author\":{\"@id\":\"\"},\"breadcrumb\":{\"@id\":\"https:\/\/www.lillegrandpalais.com\/leblog\/nos-productions\/lille-horse-event-ca-va-chevaucher-du-12-au-15-decembre-a-lille-grand-palais\/#breadcrumb\"},\"inLanguage\":\"fr-FR\",\"potentialAction\":[{\"@type\":\"ReadAction\",\"target\":[\"https:\/\/www.lillegrandpalais.com\/leblog\/nos-productions\/lille-horse-event-ca-va-chevaucher-du-12-au-15-decembre-a-lille-grand-palais\/\"]}]},{\"@type\":\"ImageObject\",\"inLanguage\":\"fr-FR\",\"@id\":\"https:\/\/www.lillegrandpalais.com\/leblog\/nos-productions\/lille-horse-event-ca-va-chevaucher-du-12-au-15-decembre-a-lille-grand-palais\/#primaryimage\",\"url\":\"https:\/\/www.lillegrandpalais.com\/leblog\/wp-content\/uploads\/sites\/4\/2024\/08\/17092021-_MPO3826-e1724922601774.jpg\",\"contentUrl\":\"https:\/\/www.lillegrandpalais.com\/leblog\/wp-content\/uploads\/sites\/4\/2024\/08\/17092021-_MPO3826-e1724922601774.jpg\",\"width\":2900,\"height\":1370},{\"@type\":\"BreadcrumbList\",\"@id\":\"https:\/\/www.lillegrandpalais.com\/leblog\/nos-productions\/lille-horse-event-ca-va-chevaucher-du-12-au-15-decembre-a-lille-grand-palais\/#breadcrumb\",\"itemListElement\":[{\"@type\":\"ListItem\",\"position\":1,\"name\":\"Accueil\",\"item\":\"https:\/\/www.lillegrandpalais.com\/leblog\/\"},{\"@type\":\"ListItem\",\"position\":2,\"name\":\"Lille Horse Event\u00a0:\u00a0\u00e7a va c...\"}]},{\"@type\":\"WebSite\",\"@id\":\"https:\/\/www.lillegrandpalais.com\/leblog\/#website\",\"url\":\"https:\/\/www.lillegrandpalais.com\/leblog\/\",\"name\":\"Blog\",\"description\":\"\",\"potentialAction\":[{\"@type\":\"SearchAction\",\"target\":{\"@type\":\"EntryPoint\",\"urlTemplate\":\"https:\/\/www.lillegrandpalais.com\/leblog\/?s={search_term_string}\"},\"query-input\":{\"@type\":\"PropertyValueSpecification\",\"valueRequired\":true,\"valueName\":\"search_term_string\"}}],\"inLanguage\":\"fr-FR\"},{\"@type\":\"Person\",\"@id\":\"\",\"url\":\"https:\/\/www.lillegrandpalais.com\/leblog\/author\/\"}]}<\/script>\n<!-- \/ Yoast SEO plugin. -->","yoast_head_json":{"title":"Lille Horse Event\u00a0:\u00a0\u00e7a va chevaucher du 12 au 15 d\u00e9cembre \u00e0 Lille Grand Palais\u00a0! - Blog","robots":{"index":"index","follow":"follow","max-snippet":"max-snippet:-1","max-image-preview":"max-image-preview:large","max-video-preview":"max-video-preview:-1"},"canonical":"https:\/\/www.lillegrandpalais.com\/leblog\/nos-productions\/lille-horse-event-ca-va-chevaucher-du-12-au-15-decembre-a-lille-grand-palais\/","og_locale":"fr_FR","og_type":"article","og_title":"Lille Horse Event\u00a0:\u00a0\u00e7a va chevaucher du 12 au 15 d\u00e9cembre \u00e0 Lille Grand Palais\u00a0! - Blog","og_description":"Un salon du cheval coupl\u00e9 \u00e0 un jumping international, voici la promesse de cet \u00e9v\u00e9nement in\u00e9dit produit et organis\u00e9 par Lille Grand Palais &#8211; Z\u00e9nith de Lille. Avec 70 000 licenci\u00e9s dont 9 000 dans le seul r\u00e9seau \u00e9questre de la MEL, la r\u00e9gion Hauts-de-France est la 2\u00e8me r\u00e9gion \u00e9questre de France. L\u2019id\u00e9e d\u2019organiser un [&hellip;]","og_url":"https:\/\/www.lillegrandpalais.com\/leblog\/nos-productions\/lille-horse-event-ca-va-chevaucher-du-12-au-15-decembre-a-lille-grand-palais\/","og_site_name":"Blog","article_published_time":"2024-08-29T09:04:28+00:00","article_modified_time":"2026-02-19T08:53:06+00:00","og_image":[{"width":2900,"height":1370,"url":"https:\/\/www.lillegrandpalais.com\/leblog\/wp-content\/uploads\/sites\/4\/2024\/08\/17092021-_MPO3826-e1724922601774.jpg","type":"image\/jpeg"}],"twitter_card":"summary_large_image","twitter_misc":{"\u00c9crit par":"","Dur\u00e9e de lecture estim\u00e9e":"3 minutes"},"schema":{"@context":"https:\/\/schema.org","@graph":[{"@type":"Article","@id":"https:\/\/www.lillegrandpalais.com\/leblog\/nos-productions\/lille-horse-event-ca-va-chevaucher-du-12-au-15-decembre-a-lille-grand-palais\/#article","isPartOf":{"@id":"https:\/\/www.lillegrandpalais.com\/leblog\/nos-productions\/lille-horse-event-ca-va-chevaucher-du-12-au-15-decembre-a-lille-grand-palais\/"},"author":{"name":"","@id":""},"headline":"Lille Horse Event\u00a0:\u00a0\u00e7a va chevaucher du 12 au 15 d\u00e9cembre \u00e0 Lille Grand Palais\u00a0!","datePublished":"2024-08-29T09:04:28+00:00","dateModified":"2026-02-19T08:53:06+00:00","mainEntityOfPage":{"@id":"https:\/\/www.lillegrandpalais.com\/leblog\/nos-productions\/lille-horse-event-ca-va-chevaucher-du-12-au-15-decembre-a-lille-grand-palais\/"},"wordCount":401,"commentCount":0,"image":{"@id":"https:\/\/www.lillegrandpalais.com\/leblog\/nos-productions\/lille-horse-event-ca-va-chevaucher-du-12-au-15-decembre-a-lille-grand-palais\/#primaryimage"},"thumbnailUrl":"https:\/\/www.lillegrandpalais.com\/leblog\/wp-content\/uploads\/sites\/4\/2024\/08\/17092021-_MPO3826-e1724922601774.jpg","articleSection":["Nos productions"],"inLanguage":"fr-FR","potentialAction":[{"@type":"CommentAction","name":"Comment","target":["https:\/\/www.lillegrandpalais.com\/leblog\/nos-productions\/lille-horse-event-ca-va-chevaucher-du-12-au-15-decembre-a-lille-grand-palais\/#respond"]}]},{"@type":"WebPage","@id":"https:\/\/www.lillegrandpalais.com\/leblog\/nos-productions\/lille-horse-event-ca-va-chevaucher-du-12-au-15-decembre-a-lille-grand-palais\/","url":"https:\/\/www.lillegrandpalais.com\/leblog\/nos-productions\/lille-horse-event-ca-va-chevaucher-du-12-au-15-decembre-a-lille-grand-palais\/","name":"Lille Horse Event\u00a0:\u00a0\u00e7a va chevaucher du 12 au 15 d\u00e9cembre \u00e0 Lille Grand Palais\u00a0! - Blog","isPartOf":{"@id":"https:\/\/www.lillegrandpalais.com\/leblog\/#website"},"primaryImageOfPage":{"@id":"https:\/\/www.lillegrandpalais.com\/leblog\/nos-productions\/lille-horse-event-ca-va-chevaucher-du-12-au-15-decembre-a-lille-grand-palais\/#primaryimage"},"image":{"@id":"https:\/\/www.lillegrandpalais.com\/leblog\/nos-productions\/lille-horse-event-ca-va-chevaucher-du-12-au-15-decembre-a-lille-grand-palais\/#primaryimage"},"thumbnailUrl":"https:\/\/www.lillegrandpalais.com\/leblog\/wp-content\/uploads\/sites\/4\/2024\/08\/17092021-_MPO3826-e1724922601774.jpg","datePublished":"2024-08-29T09:04:28+00:00","dateModified":"2026-02-19T08:53:06+00:00","author":{"@id":""},"breadcrumb":{"@id":"https:\/\/www.lillegrandpalais.com\/leblog\/nos-productions\/lille-horse-event-ca-va-chevaucher-du-12-au-15-decembre-a-lille-grand-palais\/#breadcrumb"},"inLanguage":"fr-FR","potentialAction":[{"@type":"ReadAction","target":["https:\/\/www.lillegrandpalais.com\/leblog\/nos-productions\/lille-horse-event-ca-va-chevaucher-du-12-au-15-decembre-a-lille-grand-palais\/"]}]},{"@type":"ImageObject","inLanguage":"fr-FR","@id":"https:\/\/www.lillegrandpalais.com\/leblog\/nos-productions\/lille-horse-event-ca-va-chevaucher-du-12-au-15-decembre-a-lille-grand-palais\/#primaryimage","url":"https:\/\/www.lillegrandpalais.com\/leblog\/wp-content\/uploads\/sites\/4\/2024\/08\/17092021-_MPO3826-e1724922601774.jpg","contentUrl":"https:\/\/www.lillegrandpalais.com\/leblog\/wp-content\/uploads\/sites\/4\/2024\/08\/17092021-_MPO3826-e1724922601774.jpg","width":2900,"height":1370},{"@type":"BreadcrumbList","@id":"https:\/\/www.lillegrandpalais.com\/leblog\/nos-productions\/lille-horse-event-ca-va-chevaucher-du-12-au-15-decembre-a-lille-grand-palais\/#breadcrumb","itemListElement":[{"@type":"ListItem","position":1,"name":"Accueil","item":"https:\/\/www.lillegrandpalais.com\/leblog\/"},{"@type":"ListItem","position":2,"name":"Lille Horse Event\u00a0:\u00a0\u00e7a va c..."}]},{"@type":"WebSite","@id":"https:\/\/www.lillegrandpalais.com\/leblog\/#website","url":"https:\/\/www.lillegrandpalais.com\/leblog\/","name":"Blog","description":"","potentialAction":[{"@type":"SearchAction","target":{"@type":"EntryPoint","urlTemplate":"https:\/\/www.lillegrandpalais.com\/leblog\/?s={search_term_string}"},"query-input":{"@type":"PropertyValueSpecification","valueRequired":true,"valueName":"search_term_string"}}],"inLanguage":"fr-FR"},{"@type":"Person","@id":"","url":"https:\/\/www.lillegrandpalais.com\/leblog\/author\/"}]}},"_links":{"self":[{"href":"https:\/\/www.lillegrandpalais.com\/leblog\/wp-json\/wp\/v2\/posts\/21960","targetHints":{"allow":["GET"]}}],"collection":[{"href":"https:\/\/www.lillegrandpalais.com\/leblog\/wp-json\/wp\/v2\/posts"}],"about":[{"href":"https:\/\/www.lillegrandpalais.com\/leblog\/wp-json\/wp\/v2\/types\/post"}],"author":[{"embeddable":true,"href":"https:\/\/www.lillegrandpalais.com\/leblog\/wp-json\/wp\/v2\/users\/6"}],"replies":[{"embeddable":true,"href":"https:\/\/www.lillegrandpalais.com\/leblog\/wp-json\/wp\/v2\/comments?post=21960"}],"version-history":[{"count":14,"href":"https:\/\/www.lillegrandpalais.com\/leblog\/wp-json\/wp\/v2\/posts\/21960\/revisions"}],"predecessor-version":[{"id":21989,"href":"https:\/\/www.lillegrandpalais.com\/leblog\/wp-json\/wp\/v2\/posts\/21960\/revisions\/21989"}],"wp:featuredmedia":[{"embeddable":true,"href":"https:\/\/www.lillegrandpalais.com\/leblog\/wp-json\/wp\/v2\/media\/21965"}],"wp:attachment":[{"href":"https:\/\/www.lillegrandpalais.com\/leblog\/wp-json\/wp\/v2\/media?parent=21960"}],"wp:term":[{"taxonomy":"category","embeddable":true,"href":"https:\/\/www.lillegrandpalais.com\/leblog\/wp-json\/wp\/v2\/categories?post=21960"},{"taxonomy":"post_tag","embeddable":true,"href":"https:\/\/www.lillegrandpalais.com\/leblog\/wp-json\/wp\/v2\/tags?post=21960"}],"curies":[{"name":"wp","href":"https:\/\/api.w.org\/{rel}","templated":true}]}}