{"id":3896,"date":"2019-02-14T10:46:27","date_gmt":"2019-02-14T09:46:27","guid":{"rendered":"https:\/\/www.lillegrandpalais.com\/cette-annee-art-up-met-laccent-sur-la-photographie\/"},"modified":"2026-02-19T10:20:37","modified_gmt":"2026-02-19T09:20:37","slug":"cette-annee-art-up-met-laccent-sur-la-photographie","status":"publish","type":"post","link":"https:\/\/www.lillegrandpalais.com\/leblog\/nos-productions\/cette-annee-art-up-met-laccent-sur-la-photographie\/","title":{"rendered":"Cette ann\u00e9e Art Up! met l\u2019accent sur la photographie"},"content":{"rendered":"<p><strong>Lille Grand Palais organise du 28 f\u00e9vrier au 3 mars 2019 la\u00a0<\/strong><strong>12<sup>e\u00a0<\/sup>\u00e9dition de la c\u00e9l\u00e8bre foire d\u2019art contemporain Art\u2019Up!. Collectionneurs, amateurs ou simples passionn\u00e9s, Art\u2019up! est le lieu incontournable accessible \u00e0 tous pour acqu\u00e9rir une oeuvre. Cette ann\u00e9e la photo est \u00e0 l\u2019honneur avec le th\u00e8me\u00a0: \u00ab\u00a0la photographie, au c\u0153ur des cr\u00e9ations artistiques d\u2019aujourd\u2019hui\u00a0\u00bb.<a href=\"https:\/\/www.lillegrandpalais.com\/wp-content\/uploads\/2019\/02\/Artup43-1.jpg\"><img decoding=\"async\" class=\"wp-image-19480 alignright lazyload\" data-src=\"https:\/\/www.lillegrandpalais.com\/wp-content\/uploads\/2019\/02\/Artup43-1-683x1024.jpg\" alt=\"\" width=\"186\" height=\"279\" src=\"data:image\/gif;base64,R0lGODlhAQABAAAAACH5BAEKAAEALAAAAAABAAEAAAICTAEAOw==\" style=\"--smush-placeholder-width: 186px; --smush-placeholder-aspect-ratio: 186\/279;\" \/><\/a> <\/strong><\/p>\n<p>Art\u2019Up! c\u2019est un concentr\u00e9 d\u2019art contemporain au c\u0153ur de la m\u00e9tropole lilloise\u00a0! 4 jours de foire,122 galeries et \u00e9diteurs, 680 artistes, 38 000 visiteurs en 2018, 16 000 m2 d\u2019exposition\u00a0! C\u2019est aussi une programmation riche et vari\u00e9e, constitu\u00e9e d\u2019artistes locaux, nationaux et internationaux, enti\u00e8rement d\u00e9di\u00e9e \u00e0 l\u2019art contemporain.<br \/>\nChaque ann\u00e9e, la foire ne cesse de se renouveler. Cette ann\u00e9e, en accord avec le th\u00e8me \u00ab\u00a0la photographie\u00a0\u00bb, la foire s\u2019associe \u00e0 <a href=\"http:\/\/www.fotofever.com\">fotofever<\/a>, une foire de photographie contemporaine.<\/p>\n<p><strong>Art\u2019Up! encourage la jeune cr\u00e9ation <\/strong><\/p>\n<p>Art Up! souhaite encourager les talents artistiques de demain en offrant aux jeunes une opportunit\u00e9 unique de rencontrer des professionnels du monde artistique et culturel.<br \/>\nAinsi, l\u2019exposition Revelation by Art Up! met en avant le travail de jeunes artistes s\u00e9lectionn\u00e9s par le comit\u00e9 artistique de la foire. Les \u0153uvres seront mises en sc\u00e8ne sur un espace d\u2019exposition de 80 m2 au c\u0153ur de la foire.<\/p>\n<p><strong><em>Infos pratiques\u00a0: <\/em><\/strong><em>\u00a0 \u00a0 \u00a0 \u00a0 \u00a0 \u00a0 \u00a0 \u00a0 \u00a0 \u00a0 \u00a0 \u00a0 \u00a0 \u00a0 \u00a0 \u00a0 \u00a0 \u00a0 \u00a0 \u00a0 \u00a0 \u00a0 \u00a0 \u00a0 \u00a0 \u00a0 \u00a0 \u00a0 \u00a0 \u00a0 <a href=\"https:\/\/www.lillegrandpalais.com\/wp-content\/uploads\/2019\/02\/Artup15-2.jpg\"><img decoding=\"async\" class=\"wp-image-19483 alignright lazyload\" data-src=\"https:\/\/www.lillegrandpalais.com\/wp-content\/uploads\/2019\/02\/Artup15-2-1024x683.jpg\" alt=\"\" width=\"258\" height=\"172\" src=\"data:image\/gif;base64,R0lGODlhAQABAAAAACH5BAEKAAEALAAAAAABAAEAAAICTAEAOw==\" style=\"--smush-placeholder-width: 258px; --smush-placeholder-aspect-ratio: 258\/172;\" \/><\/a><br \/>\n<\/em><em>Dates et horaires\u00a0:<br \/>\n<\/em><em>Jeudi 28 f\u00e9vrier de 11h \u00e0 23h<br \/>\n<\/em><em>Vendredi 1<sup>er\u00a0<\/sup>mars\u00a0 de 11h \u00e0 20h<br \/>\n<\/em><em>Samedi 2 mars de 10h \u00e0 20h<br \/>\n<\/em><em>Dimanche 3 mars 10h \u00e0 20h<br \/>\n<\/em><em>Vernissages\u00a0sur invitation\u00a0: mercredi 27 f\u00e9vrier 16h et 19h<br \/>\n<\/em><em>Nuit de l\u2019art\u00a0: jeudi 28 f\u00e9vrier <\/em><em><br \/>\n<\/em><em>Tarifs\u00a0:<br \/>\n<\/em><em>Gratuit pour les moins de 10 ans<br \/>\n<\/em><em>Tarif normal\u00a0: 9\u20ac &#8211; revisite offerte<\/em><em>\u00a0<\/em><\/p>\n<p><em>Pour plus d\u2019informations, <a href=\"https:\/\/lille.art-up.com\">c\u2019est par ici\u00a0<\/a>!\u00a0<\/em><\/p>\n","protected":false},"excerpt":{"rendered":"<p>Lille Grand Palais organise du 28 f\u00e9vrier au 3 mars 2019 la\u00a012e\u00a0\u00e9dition de la c\u00e9l\u00e8bre foire d\u2019art contemporain Art\u2019Up!. Collectionneurs, amateurs ou simples passionn\u00e9s, Art\u2019up! est le lieu incontournable accessible \u00e0 tous pour acqu\u00e9rir une oeuvre. Cette ann\u00e9e la photo est \u00e0 l\u2019honneur avec le th\u00e8me\u00a0: \u00ab\u00a0la photographie, au c\u0153ur des cr\u00e9ations artistiques d\u2019aujourd\u2019hui\u00a0\u00bb. Art\u2019Up! [&hellip;]<\/p>\n","protected":false},"author":1,"featured_media":3897,"comment_status":"open","ping_status":"open","sticky":false,"template":"","format":"standard","meta":{"_acf_changed":false,"footnotes":""},"categories":[909],"tags":[322,596,23,56,112,113,203,207,114,5,16,11,409],"class_list":["post-3896","post","type-post","status-publish","format-standard","has-post-thumbnail","hentry","category-nos-productions","tag-art-up","tag-conference-art-up","tag-culture","tag-diversite","tag-foire","tag-foire-commerciale","tag-foire-dart","tag-foire-dart-contemporain","tag-foire-de-lille","tag-lille","tag-lille-art-fair","tag-lille-grand-palais","tag-revelation-by-art-up"],"acf":[],"yoast_head":"<!-- This site is optimized with the Yoast SEO plugin v27.2 - https:\/\/yoast.com\/product\/yoast-seo-wordpress\/ -->\n<title>Cette ann\u00e9e Art Up! met l\u2019accent sur la photographie<\/title>\n<meta name=\"description\" content=\"Lille Grand Palais organise du 27 f\u00e9vrier au 3 mars 2019 la\u00a012e\u00a0\u00e9dition de la c\u00e9l\u00e8bre foire d\u2019art contemporain Art\u2019Up!. C&#039;est le lieu incontournable accessible \u00e0 tous pour acqu\u00e9rir une oeuvre.\" \/>\n<meta name=\"robots\" content=\"index, follow, max-snippet:-1, max-image-preview:large, max-video-preview:-1\" \/>\n<link rel=\"canonical\" href=\"https:\/\/www.lillegrandpalais.com\/leblog\/nos-productions\/cette-annee-art-up-met-laccent-sur-la-photographie\/\" \/>\n<meta property=\"og:locale\" content=\"fr_FR\" \/>\n<meta property=\"og:type\" content=\"article\" \/>\n<meta property=\"og:title\" content=\"Cette ann\u00e9e Art Up! met l\u2019accent sur la photographie\" \/>\n<meta property=\"og:description\" content=\"Lille Grand Palais organise du 27 f\u00e9vrier au 3 mars 2019 la\u00a012e\u00a0\u00e9dition de la c\u00e9l\u00e8bre foire d\u2019art contemporain Art\u2019Up!. C&#039;est le lieu incontournable accessible \u00e0 tous pour acqu\u00e9rir une oeuvre.\" \/>\n<meta property=\"og:url\" content=\"https:\/\/www.lillegrandpalais.com\/leblog\/nos-productions\/cette-annee-art-up-met-laccent-sur-la-photographie\/\" \/>\n<meta property=\"og:site_name\" content=\"Blog\" \/>\n<meta property=\"article:published_time\" content=\"2019-02-14T09:46:27+00:00\" \/>\n<meta property=\"article:modified_time\" content=\"2026-02-19T09:20:37+00:00\" \/>\n<meta name=\"author\" content=\"manuel@14h28.com\" \/>\n<meta name=\"twitter:card\" content=\"summary_large_image\" \/>\n<meta name=\"twitter:label1\" content=\"\u00c9crit par\" \/>\n\t<meta name=\"twitter:data1\" content=\"manuel@14h28.com\" \/>\n\t<meta name=\"twitter:label2\" content=\"Dur\u00e9e de lecture estim\u00e9e\" \/>\n\t<meta name=\"twitter:data2\" content=\"2 minutes\" \/>\n<script type=\"application\/ld+json\" class=\"yoast-schema-graph\">{\"@context\":\"https:\/\/schema.org\",\"@graph\":[{\"@type\":\"Article\",\"@id\":\"https:\/\/www.lillegrandpalais.com\/leblog\/nos-productions\/cette-annee-art-up-met-laccent-sur-la-photographie\/#article\",\"isPartOf\":{\"@id\":\"https:\/\/www.lillegrandpalais.com\/leblog\/nos-productions\/cette-annee-art-up-met-laccent-sur-la-photographie\/\"},\"author\":{\"name\":\"manuel@14h28.com\",\"@id\":\"https:\/\/www.lillegrandpalais.com\/leblog\/#\/schema\/person\/ff2adf04c81de654fda702333a9b25c8\"},\"headline\":\"Cette ann\u00e9e Art Up! met l\u2019accent sur la photographie\",\"datePublished\":\"2019-02-14T09:46:27+00:00\",\"dateModified\":\"2026-02-19T09:20:37+00:00\",\"mainEntityOfPage\":{\"@id\":\"https:\/\/www.lillegrandpalais.com\/leblog\/nos-productions\/cette-annee-art-up-met-laccent-sur-la-photographie\/\"},\"wordCount\":301,\"commentCount\":0,\"image\":{\"@id\":\"https:\/\/www.lillegrandpalais.com\/leblog\/nos-productions\/cette-annee-art-up-met-laccent-sur-la-photographie\/#primaryimage\"},\"thumbnailUrl\":\"\",\"keywords\":[\"Art Up !\",\"Conf\u00e9rence Art Up\",\"culture\",\"Diversit\u00e9\",\"foire\",\"Foire commerciale\",\"foire d'art\",\"Foire d'art contemporain\",\"foire de Lille\",\"Lille\",\"Lille Art Fair\",\"lille grand palais\",\"revelation by art up\"],\"articleSection\":[\"Nos productions\"],\"inLanguage\":\"fr-FR\",\"potentialAction\":[{\"@type\":\"CommentAction\",\"name\":\"Comment\",\"target\":[\"https:\/\/www.lillegrandpalais.com\/leblog\/nos-productions\/cette-annee-art-up-met-laccent-sur-la-photographie\/#respond\"]}]},{\"@type\":\"WebPage\",\"@id\":\"https:\/\/www.lillegrandpalais.com\/leblog\/nos-productions\/cette-annee-art-up-met-laccent-sur-la-photographie\/\",\"url\":\"https:\/\/www.lillegrandpalais.com\/leblog\/nos-productions\/cette-annee-art-up-met-laccent-sur-la-photographie\/\",\"name\":\"Cette ann\u00e9e Art Up! met l\u2019accent sur la photographie\",\"isPartOf\":{\"@id\":\"https:\/\/www.lillegrandpalais.com\/leblog\/#website\"},\"primaryImageOfPage\":{\"@id\":\"https:\/\/www.lillegrandpalais.com\/leblog\/nos-productions\/cette-annee-art-up-met-laccent-sur-la-photographie\/#primaryimage\"},\"image\":{\"@id\":\"https:\/\/www.lillegrandpalais.com\/leblog\/nos-productions\/cette-annee-art-up-met-laccent-sur-la-photographie\/#primaryimage\"},\"thumbnailUrl\":\"\",\"datePublished\":\"2019-02-14T09:46:27+00:00\",\"dateModified\":\"2026-02-19T09:20:37+00:00\",\"author\":{\"@id\":\"https:\/\/www.lillegrandpalais.com\/leblog\/#\/schema\/person\/ff2adf04c81de654fda702333a9b25c8\"},\"description\":\"Lille Grand Palais organise du 27 f\u00e9vrier au 3 mars 2019 la\u00a012e\u00a0\u00e9dition de la c\u00e9l\u00e8bre foire d\u2019art contemporain Art\u2019Up!. C'est le lieu incontournable accessible \u00e0 tous pour acqu\u00e9rir une oeuvre.\",\"breadcrumb\":{\"@id\":\"https:\/\/www.lillegrandpalais.com\/leblog\/nos-productions\/cette-annee-art-up-met-laccent-sur-la-photographie\/#breadcrumb\"},\"inLanguage\":\"fr-FR\",\"potentialAction\":[{\"@type\":\"ReadAction\",\"target\":[\"https:\/\/www.lillegrandpalais.com\/leblog\/nos-productions\/cette-annee-art-up-met-laccent-sur-la-photographie\/\"]}]},{\"@type\":\"ImageObject\",\"inLanguage\":\"fr-FR\",\"@id\":\"https:\/\/www.lillegrandpalais.com\/leblog\/nos-productions\/cette-annee-art-up-met-laccent-sur-la-photographie\/#primaryimage\",\"url\":\"\",\"contentUrl\":\"\"},{\"@type\":\"BreadcrumbList\",\"@id\":\"https:\/\/www.lillegrandpalais.com\/leblog\/nos-productions\/cette-annee-art-up-met-laccent-sur-la-photographie\/#breadcrumb\",\"itemListElement\":[{\"@type\":\"ListItem\",\"position\":1,\"name\":\"Accueil\",\"item\":\"https:\/\/www.lillegrandpalais.com\/leblog\/\"},{\"@type\":\"ListItem\",\"position\":2,\"name\":\"Cette ann\u00e9e Art Up! met l\u2019a...\"}]},{\"@type\":\"WebSite\",\"@id\":\"https:\/\/www.lillegrandpalais.com\/leblog\/#website\",\"url\":\"https:\/\/www.lillegrandpalais.com\/leblog\/\",\"name\":\"Blog\",\"description\":\"\",\"potentialAction\":[{\"@type\":\"SearchAction\",\"target\":{\"@type\":\"EntryPoint\",\"urlTemplate\":\"https:\/\/www.lillegrandpalais.com\/leblog\/?s={search_term_string}\"},\"query-input\":{\"@type\":\"PropertyValueSpecification\",\"valueRequired\":true,\"valueName\":\"search_term_string\"}}],\"inLanguage\":\"fr-FR\"},{\"@type\":\"Person\",\"@id\":\"https:\/\/www.lillegrandpalais.com\/leblog\/#\/schema\/person\/ff2adf04c81de654fda702333a9b25c8\",\"name\":\"manuel@14h28.com\",\"image\":{\"@type\":\"ImageObject\",\"inLanguage\":\"fr-FR\",\"@id\":\"https:\/\/secure.gravatar.com\/avatar\/2dda1fcf8bd5402d886ab633ea18a694b68c81ac7d92d0c31950634de1c4972a?s=96&d=mm&r=g\",\"url\":\"https:\/\/secure.gravatar.com\/avatar\/2dda1fcf8bd5402d886ab633ea18a694b68c81ac7d92d0c31950634de1c4972a?s=96&d=mm&r=g\",\"contentUrl\":\"https:\/\/secure.gravatar.com\/avatar\/2dda1fcf8bd5402d886ab633ea18a694b68c81ac7d92d0c31950634de1c4972a?s=96&d=mm&r=g\",\"caption\":\"manuel@14h28.com\"},\"sameAs\":[\"https:\/\/www.lillegrandpalais.com\"],\"url\":\"https:\/\/www.lillegrandpalais.com\/leblog\/author\/manuel14h28-com\/\"}]}<\/script>\n<!-- \/ Yoast SEO plugin. -->","yoast_head_json":{"title":"Cette ann\u00e9e Art Up! met l\u2019accent sur la photographie","description":"Lille Grand Palais organise du 27 f\u00e9vrier au 3 mars 2019 la\u00a012e\u00a0\u00e9dition de la c\u00e9l\u00e8bre foire d\u2019art contemporain Art\u2019Up!. C'est le lieu incontournable accessible \u00e0 tous pour acqu\u00e9rir une oeuvre.","robots":{"index":"index","follow":"follow","max-snippet":"max-snippet:-1","max-image-preview":"max-image-preview:large","max-video-preview":"max-video-preview:-1"},"canonical":"https:\/\/www.lillegrandpalais.com\/leblog\/nos-productions\/cette-annee-art-up-met-laccent-sur-la-photographie\/","og_locale":"fr_FR","og_type":"article","og_title":"Cette ann\u00e9e Art Up! met l\u2019accent sur la photographie","og_description":"Lille Grand Palais organise du 27 f\u00e9vrier au 3 mars 2019 la\u00a012e\u00a0\u00e9dition de la c\u00e9l\u00e8bre foire d\u2019art contemporain Art\u2019Up!. C'est le lieu incontournable accessible \u00e0 tous pour acqu\u00e9rir une oeuvre.","og_url":"https:\/\/www.lillegrandpalais.com\/leblog\/nos-productions\/cette-annee-art-up-met-laccent-sur-la-photographie\/","og_site_name":"Blog","article_published_time":"2019-02-14T09:46:27+00:00","article_modified_time":"2026-02-19T09:20:37+00:00","author":"manuel@14h28.com","twitter_card":"summary_large_image","twitter_misc":{"\u00c9crit par":"manuel@14h28.com","Dur\u00e9e de lecture estim\u00e9e":"2 minutes"},"schema":{"@context":"https:\/\/schema.org","@graph":[{"@type":"Article","@id":"https:\/\/www.lillegrandpalais.com\/leblog\/nos-productions\/cette-annee-art-up-met-laccent-sur-la-photographie\/#article","isPartOf":{"@id":"https:\/\/www.lillegrandpalais.com\/leblog\/nos-productions\/cette-annee-art-up-met-laccent-sur-la-photographie\/"},"author":{"name":"manuel@14h28.com","@id":"https:\/\/www.lillegrandpalais.com\/leblog\/#\/schema\/person\/ff2adf04c81de654fda702333a9b25c8"},"headline":"Cette ann\u00e9e Art Up! met l\u2019accent sur la photographie","datePublished":"2019-02-14T09:46:27+00:00","dateModified":"2026-02-19T09:20:37+00:00","mainEntityOfPage":{"@id":"https:\/\/www.lillegrandpalais.com\/leblog\/nos-productions\/cette-annee-art-up-met-laccent-sur-la-photographie\/"},"wordCount":301,"commentCount":0,"image":{"@id":"https:\/\/www.lillegrandpalais.com\/leblog\/nos-productions\/cette-annee-art-up-met-laccent-sur-la-photographie\/#primaryimage"},"thumbnailUrl":"","keywords":["Art Up !","Conf\u00e9rence Art Up","culture","Diversit\u00e9","foire","Foire commerciale","foire d'art","Foire d'art contemporain","foire de Lille","Lille","Lille Art Fair","lille grand palais","revelation by art up"],"articleSection":["Nos productions"],"inLanguage":"fr-FR","potentialAction":[{"@type":"CommentAction","name":"Comment","target":["https:\/\/www.lillegrandpalais.com\/leblog\/nos-productions\/cette-annee-art-up-met-laccent-sur-la-photographie\/#respond"]}]},{"@type":"WebPage","@id":"https:\/\/www.lillegrandpalais.com\/leblog\/nos-productions\/cette-annee-art-up-met-laccent-sur-la-photographie\/","url":"https:\/\/www.lillegrandpalais.com\/leblog\/nos-productions\/cette-annee-art-up-met-laccent-sur-la-photographie\/","name":"Cette ann\u00e9e Art Up! met l\u2019accent sur la photographie","isPartOf":{"@id":"https:\/\/www.lillegrandpalais.com\/leblog\/#website"},"primaryImageOfPage":{"@id":"https:\/\/www.lillegrandpalais.com\/leblog\/nos-productions\/cette-annee-art-up-met-laccent-sur-la-photographie\/#primaryimage"},"image":{"@id":"https:\/\/www.lillegrandpalais.com\/leblog\/nos-productions\/cette-annee-art-up-met-laccent-sur-la-photographie\/#primaryimage"},"thumbnailUrl":"","datePublished":"2019-02-14T09:46:27+00:00","dateModified":"2026-02-19T09:20:37+00:00","author":{"@id":"https:\/\/www.lillegrandpalais.com\/leblog\/#\/schema\/person\/ff2adf04c81de654fda702333a9b25c8"},"description":"Lille Grand Palais organise du 27 f\u00e9vrier au 3 mars 2019 la\u00a012e\u00a0\u00e9dition de la c\u00e9l\u00e8bre foire d\u2019art contemporain Art\u2019Up!. C'est le lieu incontournable accessible \u00e0 tous pour acqu\u00e9rir une oeuvre.","breadcrumb":{"@id":"https:\/\/www.lillegrandpalais.com\/leblog\/nos-productions\/cette-annee-art-up-met-laccent-sur-la-photographie\/#breadcrumb"},"inLanguage":"fr-FR","potentialAction":[{"@type":"ReadAction","target":["https:\/\/www.lillegrandpalais.com\/leblog\/nos-productions\/cette-annee-art-up-met-laccent-sur-la-photographie\/"]}]},{"@type":"ImageObject","inLanguage":"fr-FR","@id":"https:\/\/www.lillegrandpalais.com\/leblog\/nos-productions\/cette-annee-art-up-met-laccent-sur-la-photographie\/#primaryimage","url":"","contentUrl":""},{"@type":"BreadcrumbList","@id":"https:\/\/www.lillegrandpalais.com\/leblog\/nos-productions\/cette-annee-art-up-met-laccent-sur-la-photographie\/#breadcrumb","itemListElement":[{"@type":"ListItem","position":1,"name":"Accueil","item":"https:\/\/www.lillegrandpalais.com\/leblog\/"},{"@type":"ListItem","position":2,"name":"Cette ann\u00e9e Art Up! met l\u2019a..."}]},{"@type":"WebSite","@id":"https:\/\/www.lillegrandpalais.com\/leblog\/#website","url":"https:\/\/www.lillegrandpalais.com\/leblog\/","name":"Blog","description":"","potentialAction":[{"@type":"SearchAction","target":{"@type":"EntryPoint","urlTemplate":"https:\/\/www.lillegrandpalais.com\/leblog\/?s={search_term_string}"},"query-input":{"@type":"PropertyValueSpecification","valueRequired":true,"valueName":"search_term_string"}}],"inLanguage":"fr-FR"},{"@type":"Person","@id":"https:\/\/www.lillegrandpalais.com\/leblog\/#\/schema\/person\/ff2adf04c81de654fda702333a9b25c8","name":"manuel@14h28.com","image":{"@type":"ImageObject","inLanguage":"fr-FR","@id":"https:\/\/secure.gravatar.com\/avatar\/2dda1fcf8bd5402d886ab633ea18a694b68c81ac7d92d0c31950634de1c4972a?s=96&d=mm&r=g","url":"https:\/\/secure.gravatar.com\/avatar\/2dda1fcf8bd5402d886ab633ea18a694b68c81ac7d92d0c31950634de1c4972a?s=96&d=mm&r=g","contentUrl":"https:\/\/secure.gravatar.com\/avatar\/2dda1fcf8bd5402d886ab633ea18a694b68c81ac7d92d0c31950634de1c4972a?s=96&d=mm&r=g","caption":"manuel@14h28.com"},"sameAs":["https:\/\/www.lillegrandpalais.com"],"url":"https:\/\/www.lillegrandpalais.com\/leblog\/author\/manuel14h28-com\/"}]}},"_links":{"self":[{"href":"https:\/\/www.lillegrandpalais.com\/leblog\/wp-json\/wp\/v2\/posts\/3896","targetHints":{"allow":["GET"]}}],"collection":[{"href":"https:\/\/www.lillegrandpalais.com\/leblog\/wp-json\/wp\/v2\/posts"}],"about":[{"href":"https:\/\/www.lillegrandpalais.com\/leblog\/wp-json\/wp\/v2\/types\/post"}],"author":[{"embeddable":true,"href":"https:\/\/www.lillegrandpalais.com\/leblog\/wp-json\/wp\/v2\/users\/1"}],"replies":[{"embeddable":true,"href":"https:\/\/www.lillegrandpalais.com\/leblog\/wp-json\/wp\/v2\/comments?post=3896"}],"version-history":[{"count":1,"href":"https:\/\/www.lillegrandpalais.com\/leblog\/wp-json\/wp\/v2\/posts\/3896\/revisions"}],"predecessor-version":[{"id":22837,"href":"https:\/\/www.lillegrandpalais.com\/leblog\/wp-json\/wp\/v2\/posts\/3896\/revisions\/22837"}],"wp:featuredmedia":[{"embeddable":true,"href":"https:\/\/www.lillegrandpalais.com\/leblog\/wp-json\/"}],"wp:attachment":[{"href":"https:\/\/www.lillegrandpalais.com\/leblog\/wp-json\/wp\/v2\/media?parent=3896"}],"wp:term":[{"taxonomy":"category","embeddable":true,"href":"https:\/\/www.lillegrandpalais.com\/leblog\/wp-json\/wp\/v2\/categories?post=3896"},{"taxonomy":"post_tag","embeddable":true,"href":"https:\/\/www.lillegrandpalais.com\/leblog\/wp-json\/wp\/v2\/tags?post=3896"}],"curies":[{"name":"wp","href":"https:\/\/api.w.org\/{rel}","templated":true}]}}