{"id":3929,"date":"2018-11-15T15:04:02","date_gmt":"2018-11-15T14:04:02","guid":{"rendered":"https:\/\/www.lillegrandpalais.com\/lille-grand-palais-accueille-la-soiree-longevite-le-27-novembre\/"},"modified":"2018-11-15T15:04:02","modified_gmt":"2018-11-15T14:04:02","slug":"lille-grand-palais-accueille-la-soiree-longevite-le-27-novembre","status":"publish","type":"post","link":"https:\/\/www.lillegrandpalais.com\/leblog\/actu\/lille-grand-palais-accueille-la-soiree-longevite-le-27-novembre\/","title":{"rendered":"Lille Grand Palais accueille la Soir\u00e9e Long\u00e9vit\u00e9 le 27 novembre"},"content":{"rendered":"<p><strong>L&rsquo;institut Pasteur renouvelle son partenariat avec Lille Grand Palais \u00e0 l&rsquo;occasion de la nouvelle \u00e9dition de la conf\u00e9rence 100% long\u00e9vit\u00e9 mardi 27 novembre \u00e0 partir de 18h.\u00a0<\/strong><\/p>\n<p>Cette soir\u00e9e ouverte au grand public est l\u2019occasion de s\u2019informer sur des th\u00e8mes tels que la m\u00e9moire, la nutrition, les m\u00e9dicaments, la recherche et \u00e9galement l\u2019horloge biologique.<\/p>\n<p><strong><img decoding=\"async\" class=\"wp-image-19227 alignright lazyload\" data-src=\"https:\/\/www.lillegrandpalais.com\/wp-content\/uploads\/2018\/11\/long--vit--img.png\" alt=\"Soir\u00e9e long\u00e9vit\u00e9 novembre 2018\" width=\"348\" height=\"218\" src=\"data:image\/gif;base64,R0lGODlhAQABAAAAACH5BAEKAAEALAAAAAABAAEAAAICTAEAOw==\" style=\"--smush-placeholder-width: 348px; --smush-placeholder-aspect-ratio: 348\/218;\" \/>Au programme\u00a0: <\/strong><\/p>\n<ul>\n<li>Les secrets d\u2019un cerveau en pleine forme anim\u00e9 par le Professeur Philippe Amouyel<\/li>\n<li>Chronobiologie\u00a0: \u00eatre \u00e0 l\u2019heure pour garder la forme pr\u00e9sent\u00e9 par le Docteur H\u00e9l\u00e8ne Duez<\/li>\n<li>Je prendrai le menu Bien Vieillir s\u2019il vous pla\u00eet\u00a0! d\u00e9velopp\u00e9 par St\u00e9phanie Maccioni<\/li>\n<li>Imaginer les traitements de demain par le Professeur Benoit Deprez<\/li>\n<\/ul>\n<p>Pour cette \u00e9dition l\u2019ouverture se fera en musique avec l\u2019intervention du collectif Quinte et Sens.<\/p>\n<p><strong><em>Infos pratiques\u00a0:<br \/>\n<\/em><\/strong><em>Inscription gratuite mais obligatoire, c\u2019est par <a href=\"https:\/\/evenium.net\/ng\/person\/event\/website.jsf?eventId=conference-longevite&amp;page=tickets&amp;loc=fr&amp;justSubmit=false&amp;cid=98825\">ici<\/a>.<br \/>\n<\/em><em>Horaires\u00a0: 17h30 \u2013 20h <\/em><\/p>\n<p>&nbsp;<\/p>\n","protected":false},"excerpt":{"rendered":"<p>L&rsquo;institut Pasteur renouvelle son partenariat avec Lille Grand Palais \u00e0 l&rsquo;occasion de la nouvelle \u00e9dition de la conf\u00e9rence 100% long\u00e9vit\u00e9 mardi 27 novembre \u00e0 partir de 18h.\u00a0 Cette soir\u00e9e ouverte au grand public est l\u2019occasion de s\u2019informer sur des th\u00e8mes tels que la m\u00e9moire, la nutrition, les m\u00e9dicaments, la recherche et \u00e9galement l\u2019horloge biologique. Au [&hellip;]<\/p>\n","protected":false},"author":1,"featured_media":3930,"comment_status":"open","ping_status":"open","sticky":false,"template":"","format":"standard","meta":{"_acf_changed":false,"footnotes":""},"categories":[27],"tags":[336,708,5,661,63,14,709],"class_list":["post-3929","post","type-post","status-publish","format-standard","has-post-thumbnail","hentry","category-actu","tag-conference","tag-institut-pasteur","tag-lille","tag-longevite","tag-medical","tag-salons-et-congres","tag-vieillir"],"acf":[],"yoast_head":"<!-- This site is optimized with the Yoast SEO plugin v27.2 - https:\/\/yoast.com\/product\/yoast-seo-wordpress\/ -->\n<title>Lille Grand Palais accueille la Soir\u00e9e Long\u00e9vit\u00e9 le 27 novembre<\/title>\n<meta name=\"description\" content=\"L&#039;institut Pasteur renouvelle son partenariat avec Lille Grand Palais \u00e0 l&#039;occasion de la nouvelle \u00e9dition de la conf\u00e9rence 100% long\u00e9vit\u00e9 mardi 27 novembre \u00e0 partir de 18h.\" \/>\n<meta name=\"robots\" content=\"index, follow, max-snippet:-1, max-image-preview:large, max-video-preview:-1\" \/>\n<link rel=\"canonical\" href=\"https:\/\/www.lillegrandpalais.com\/leblog\/au-coeur-de-levenement\/lille-grand-palais-accueille-la-soiree-longevite-le-27-novembre\/\" \/>\n<meta property=\"og:locale\" content=\"fr_FR\" \/>\n<meta property=\"og:type\" content=\"article\" \/>\n<meta property=\"og:title\" content=\"Lille Grand Palais accueille la Soir\u00e9e Long\u00e9vit\u00e9 le 27 novembre\" \/>\n<meta property=\"og:description\" content=\"L&#039;institut Pasteur renouvelle son partenariat avec Lille Grand Palais \u00e0 l&#039;occasion de la nouvelle \u00e9dition de la conf\u00e9rence 100% long\u00e9vit\u00e9 mardi 27 novembre \u00e0 partir de 18h.\" \/>\n<meta property=\"og:url\" content=\"https:\/\/www.lillegrandpalais.com\/leblog\/au-coeur-de-levenement\/lille-grand-palais-accueille-la-soiree-longevite-le-27-novembre\/\" \/>\n<meta property=\"og:site_name\" content=\"Blog\" \/>\n<meta property=\"article:published_time\" content=\"2018-11-15T14:04:02+00:00\" \/>\n<meta name=\"author\" content=\"manuel@14h28.com\" \/>\n<meta name=\"twitter:card\" content=\"summary_large_image\" \/>\n<meta name=\"twitter:label1\" content=\"\u00c9crit par\" \/>\n\t<meta name=\"twitter:data1\" content=\"manuel@14h28.com\" \/>\n\t<meta name=\"twitter:label2\" content=\"Dur\u00e9e de lecture estim\u00e9e\" \/>\n\t<meta name=\"twitter:data2\" content=\"1 minute\" \/>\n<script type=\"application\/ld+json\" class=\"yoast-schema-graph\">{\"@context\":\"https:\/\/schema.org\",\"@graph\":[{\"@type\":\"Article\",\"@id\":\"https:\/\/www.lillegrandpalais.com\/leblog\/au-coeur-de-levenement\/lille-grand-palais-accueille-la-soiree-longevite-le-27-novembre\/#article\",\"isPartOf\":{\"@id\":\"https:\/\/www.lillegrandpalais.com\/leblog\/au-coeur-de-levenement\/lille-grand-palais-accueille-la-soiree-longevite-le-27-novembre\/\"},\"author\":{\"name\":\"manuel@14h28.com\",\"@id\":\"https:\/\/www.lillegrandpalais.com\/leblog\/#\/schema\/person\/ff2adf04c81de654fda702333a9b25c8\"},\"headline\":\"Lille Grand Palais accueille la Soir\u00e9e Long\u00e9vit\u00e9 le 27 novembre\",\"datePublished\":\"2018-11-15T14:04:02+00:00\",\"mainEntityOfPage\":{\"@id\":\"https:\/\/www.lillegrandpalais.com\/leblog\/au-coeur-de-levenement\/lille-grand-palais-accueille-la-soiree-longevite-le-27-novembre\/\"},\"wordCount\":163,\"commentCount\":0,\"image\":{\"@id\":\"https:\/\/www.lillegrandpalais.com\/leblog\/au-coeur-de-levenement\/lille-grand-palais-accueille-la-soiree-longevite-le-27-novembre\/#primaryimage\"},\"thumbnailUrl\":\"\",\"keywords\":[\"conf\u00e9rence\",\"Institut Pasteur\",\"Lille\",\"long\u00e9vit\u00e9\",\"M\u00e9dical\",\"SALONS ET CONGRES\",\"vieillir\"],\"articleSection\":[\"Actu\"],\"inLanguage\":\"fr-FR\",\"potentialAction\":[{\"@type\":\"CommentAction\",\"name\":\"Comment\",\"target\":[\"https:\/\/www.lillegrandpalais.com\/leblog\/au-coeur-de-levenement\/lille-grand-palais-accueille-la-soiree-longevite-le-27-novembre\/#respond\"]}]},{\"@type\":\"WebPage\",\"@id\":\"https:\/\/www.lillegrandpalais.com\/leblog\/au-coeur-de-levenement\/lille-grand-palais-accueille-la-soiree-longevite-le-27-novembre\/\",\"url\":\"https:\/\/www.lillegrandpalais.com\/leblog\/au-coeur-de-levenement\/lille-grand-palais-accueille-la-soiree-longevite-le-27-novembre\/\",\"name\":\"Lille Grand Palais accueille la Soir\u00e9e Long\u00e9vit\u00e9 le 27 novembre\",\"isPartOf\":{\"@id\":\"https:\/\/www.lillegrandpalais.com\/leblog\/#website\"},\"primaryImageOfPage\":{\"@id\":\"https:\/\/www.lillegrandpalais.com\/leblog\/au-coeur-de-levenement\/lille-grand-palais-accueille-la-soiree-longevite-le-27-novembre\/#primaryimage\"},\"image\":{\"@id\":\"https:\/\/www.lillegrandpalais.com\/leblog\/au-coeur-de-levenement\/lille-grand-palais-accueille-la-soiree-longevite-le-27-novembre\/#primaryimage\"},\"thumbnailUrl\":\"\",\"datePublished\":\"2018-11-15T14:04:02+00:00\",\"author\":{\"@id\":\"https:\/\/www.lillegrandpalais.com\/leblog\/#\/schema\/person\/ff2adf04c81de654fda702333a9b25c8\"},\"description\":\"L'institut Pasteur renouvelle son partenariat avec Lille Grand Palais \u00e0 l'occasion de la nouvelle \u00e9dition de la conf\u00e9rence 100% long\u00e9vit\u00e9 mardi 27 novembre \u00e0 partir de 18h.\",\"breadcrumb\":{\"@id\":\"https:\/\/www.lillegrandpalais.com\/leblog\/au-coeur-de-levenement\/lille-grand-palais-accueille-la-soiree-longevite-le-27-novembre\/#breadcrumb\"},\"inLanguage\":\"fr-FR\",\"potentialAction\":[{\"@type\":\"ReadAction\",\"target\":[\"https:\/\/www.lillegrandpalais.com\/leblog\/au-coeur-de-levenement\/lille-grand-palais-accueille-la-soiree-longevite-le-27-novembre\/\"]}]},{\"@type\":\"ImageObject\",\"inLanguage\":\"fr-FR\",\"@id\":\"https:\/\/www.lillegrandpalais.com\/leblog\/au-coeur-de-levenement\/lille-grand-palais-accueille-la-soiree-longevite-le-27-novembre\/#primaryimage\",\"url\":\"\",\"contentUrl\":\"\"},{\"@type\":\"BreadcrumbList\",\"@id\":\"https:\/\/www.lillegrandpalais.com\/leblog\/au-coeur-de-levenement\/lille-grand-palais-accueille-la-soiree-longevite-le-27-novembre\/#breadcrumb\",\"itemListElement\":[{\"@type\":\"ListItem\",\"position\":1,\"name\":\"Accueil\",\"item\":\"https:\/\/www.lillegrandpalais.com\/leblog\/\"},{\"@type\":\"ListItem\",\"position\":2,\"name\":\"Lille Grand Palais accueille l...\"}]},{\"@type\":\"WebSite\",\"@id\":\"https:\/\/www.lillegrandpalais.com\/leblog\/#website\",\"url\":\"https:\/\/www.lillegrandpalais.com\/leblog\/\",\"name\":\"Blog\",\"description\":\"\",\"potentialAction\":[{\"@type\":\"SearchAction\",\"target\":{\"@type\":\"EntryPoint\",\"urlTemplate\":\"https:\/\/www.lillegrandpalais.com\/leblog\/?s={search_term_string}\"},\"query-input\":{\"@type\":\"PropertyValueSpecification\",\"valueRequired\":true,\"valueName\":\"search_term_string\"}}],\"inLanguage\":\"fr-FR\"},{\"@type\":\"Person\",\"@id\":\"https:\/\/www.lillegrandpalais.com\/leblog\/#\/schema\/person\/ff2adf04c81de654fda702333a9b25c8\",\"name\":\"manuel@14h28.com\",\"image\":{\"@type\":\"ImageObject\",\"inLanguage\":\"fr-FR\",\"@id\":\"https:\/\/secure.gravatar.com\/avatar\/2dda1fcf8bd5402d886ab633ea18a694b68c81ac7d92d0c31950634de1c4972a?s=96&d=mm&r=g\",\"url\":\"https:\/\/secure.gravatar.com\/avatar\/2dda1fcf8bd5402d886ab633ea18a694b68c81ac7d92d0c31950634de1c4972a?s=96&d=mm&r=g\",\"contentUrl\":\"https:\/\/secure.gravatar.com\/avatar\/2dda1fcf8bd5402d886ab633ea18a694b68c81ac7d92d0c31950634de1c4972a?s=96&d=mm&r=g\",\"caption\":\"manuel@14h28.com\"},\"sameAs\":[\"https:\/\/www.lillegrandpalais.com\"],\"url\":\"https:\/\/www.lillegrandpalais.com\/leblog\/author\/manuel14h28-com\/\"}]}<\/script>\n<!-- \/ Yoast SEO plugin. -->","yoast_head_json":{"title":"Lille Grand Palais accueille la Soir\u00e9e Long\u00e9vit\u00e9 le 27 novembre","description":"L'institut Pasteur renouvelle son partenariat avec Lille Grand Palais \u00e0 l'occasion de la nouvelle \u00e9dition de la conf\u00e9rence 100% long\u00e9vit\u00e9 mardi 27 novembre \u00e0 partir de 18h.","robots":{"index":"index","follow":"follow","max-snippet":"max-snippet:-1","max-image-preview":"max-image-preview:large","max-video-preview":"max-video-preview:-1"},"canonical":"https:\/\/www.lillegrandpalais.com\/leblog\/au-coeur-de-levenement\/lille-grand-palais-accueille-la-soiree-longevite-le-27-novembre\/","og_locale":"fr_FR","og_type":"article","og_title":"Lille Grand Palais accueille la Soir\u00e9e Long\u00e9vit\u00e9 le 27 novembre","og_description":"L'institut Pasteur renouvelle son partenariat avec Lille Grand Palais \u00e0 l'occasion de la nouvelle \u00e9dition de la conf\u00e9rence 100% long\u00e9vit\u00e9 mardi 27 novembre \u00e0 partir de 18h.","og_url":"https:\/\/www.lillegrandpalais.com\/leblog\/au-coeur-de-levenement\/lille-grand-palais-accueille-la-soiree-longevite-le-27-novembre\/","og_site_name":"Blog","article_published_time":"2018-11-15T14:04:02+00:00","author":"manuel@14h28.com","twitter_card":"summary_large_image","twitter_misc":{"\u00c9crit par":"manuel@14h28.com","Dur\u00e9e de lecture estim\u00e9e":"1 minute"},"schema":{"@context":"https:\/\/schema.org","@graph":[{"@type":"Article","@id":"https:\/\/www.lillegrandpalais.com\/leblog\/au-coeur-de-levenement\/lille-grand-palais-accueille-la-soiree-longevite-le-27-novembre\/#article","isPartOf":{"@id":"https:\/\/www.lillegrandpalais.com\/leblog\/au-coeur-de-levenement\/lille-grand-palais-accueille-la-soiree-longevite-le-27-novembre\/"},"author":{"name":"manuel@14h28.com","@id":"https:\/\/www.lillegrandpalais.com\/leblog\/#\/schema\/person\/ff2adf04c81de654fda702333a9b25c8"},"headline":"Lille Grand Palais accueille la Soir\u00e9e Long\u00e9vit\u00e9 le 27 novembre","datePublished":"2018-11-15T14:04:02+00:00","mainEntityOfPage":{"@id":"https:\/\/www.lillegrandpalais.com\/leblog\/au-coeur-de-levenement\/lille-grand-palais-accueille-la-soiree-longevite-le-27-novembre\/"},"wordCount":163,"commentCount":0,"image":{"@id":"https:\/\/www.lillegrandpalais.com\/leblog\/au-coeur-de-levenement\/lille-grand-palais-accueille-la-soiree-longevite-le-27-novembre\/#primaryimage"},"thumbnailUrl":"","keywords":["conf\u00e9rence","Institut Pasteur","Lille","long\u00e9vit\u00e9","M\u00e9dical","SALONS ET CONGRES","vieillir"],"articleSection":["Actu"],"inLanguage":"fr-FR","potentialAction":[{"@type":"CommentAction","name":"Comment","target":["https:\/\/www.lillegrandpalais.com\/leblog\/au-coeur-de-levenement\/lille-grand-palais-accueille-la-soiree-longevite-le-27-novembre\/#respond"]}]},{"@type":"WebPage","@id":"https:\/\/www.lillegrandpalais.com\/leblog\/au-coeur-de-levenement\/lille-grand-palais-accueille-la-soiree-longevite-le-27-novembre\/","url":"https:\/\/www.lillegrandpalais.com\/leblog\/au-coeur-de-levenement\/lille-grand-palais-accueille-la-soiree-longevite-le-27-novembre\/","name":"Lille Grand Palais accueille la Soir\u00e9e Long\u00e9vit\u00e9 le 27 novembre","isPartOf":{"@id":"https:\/\/www.lillegrandpalais.com\/leblog\/#website"},"primaryImageOfPage":{"@id":"https:\/\/www.lillegrandpalais.com\/leblog\/au-coeur-de-levenement\/lille-grand-palais-accueille-la-soiree-longevite-le-27-novembre\/#primaryimage"},"image":{"@id":"https:\/\/www.lillegrandpalais.com\/leblog\/au-coeur-de-levenement\/lille-grand-palais-accueille-la-soiree-longevite-le-27-novembre\/#primaryimage"},"thumbnailUrl":"","datePublished":"2018-11-15T14:04:02+00:00","author":{"@id":"https:\/\/www.lillegrandpalais.com\/leblog\/#\/schema\/person\/ff2adf04c81de654fda702333a9b25c8"},"description":"L'institut Pasteur renouvelle son partenariat avec Lille Grand Palais \u00e0 l'occasion de la nouvelle \u00e9dition de la conf\u00e9rence 100% long\u00e9vit\u00e9 mardi 27 novembre \u00e0 partir de 18h.","breadcrumb":{"@id":"https:\/\/www.lillegrandpalais.com\/leblog\/au-coeur-de-levenement\/lille-grand-palais-accueille-la-soiree-longevite-le-27-novembre\/#breadcrumb"},"inLanguage":"fr-FR","potentialAction":[{"@type":"ReadAction","target":["https:\/\/www.lillegrandpalais.com\/leblog\/au-coeur-de-levenement\/lille-grand-palais-accueille-la-soiree-longevite-le-27-novembre\/"]}]},{"@type":"ImageObject","inLanguage":"fr-FR","@id":"https:\/\/www.lillegrandpalais.com\/leblog\/au-coeur-de-levenement\/lille-grand-palais-accueille-la-soiree-longevite-le-27-novembre\/#primaryimage","url":"","contentUrl":""},{"@type":"BreadcrumbList","@id":"https:\/\/www.lillegrandpalais.com\/leblog\/au-coeur-de-levenement\/lille-grand-palais-accueille-la-soiree-longevite-le-27-novembre\/#breadcrumb","itemListElement":[{"@type":"ListItem","position":1,"name":"Accueil","item":"https:\/\/www.lillegrandpalais.com\/leblog\/"},{"@type":"ListItem","position":2,"name":"Lille Grand Palais accueille l..."}]},{"@type":"WebSite","@id":"https:\/\/www.lillegrandpalais.com\/leblog\/#website","url":"https:\/\/www.lillegrandpalais.com\/leblog\/","name":"Blog","description":"","potentialAction":[{"@type":"SearchAction","target":{"@type":"EntryPoint","urlTemplate":"https:\/\/www.lillegrandpalais.com\/leblog\/?s={search_term_string}"},"query-input":{"@type":"PropertyValueSpecification","valueRequired":true,"valueName":"search_term_string"}}],"inLanguage":"fr-FR"},{"@type":"Person","@id":"https:\/\/www.lillegrandpalais.com\/leblog\/#\/schema\/person\/ff2adf04c81de654fda702333a9b25c8","name":"manuel@14h28.com","image":{"@type":"ImageObject","inLanguage":"fr-FR","@id":"https:\/\/secure.gravatar.com\/avatar\/2dda1fcf8bd5402d886ab633ea18a694b68c81ac7d92d0c31950634de1c4972a?s=96&d=mm&r=g","url":"https:\/\/secure.gravatar.com\/avatar\/2dda1fcf8bd5402d886ab633ea18a694b68c81ac7d92d0c31950634de1c4972a?s=96&d=mm&r=g","contentUrl":"https:\/\/secure.gravatar.com\/avatar\/2dda1fcf8bd5402d886ab633ea18a694b68c81ac7d92d0c31950634de1c4972a?s=96&d=mm&r=g","caption":"manuel@14h28.com"},"sameAs":["https:\/\/www.lillegrandpalais.com"],"url":"https:\/\/www.lillegrandpalais.com\/leblog\/author\/manuel14h28-com\/"}]}},"_links":{"self":[{"href":"https:\/\/www.lillegrandpalais.com\/leblog\/wp-json\/wp\/v2\/posts\/3929","targetHints":{"allow":["GET"]}}],"collection":[{"href":"https:\/\/www.lillegrandpalais.com\/leblog\/wp-json\/wp\/v2\/posts"}],"about":[{"href":"https:\/\/www.lillegrandpalais.com\/leblog\/wp-json\/wp\/v2\/types\/post"}],"author":[{"embeddable":true,"href":"https:\/\/www.lillegrandpalais.com\/leblog\/wp-json\/wp\/v2\/users\/1"}],"replies":[{"embeddable":true,"href":"https:\/\/www.lillegrandpalais.com\/leblog\/wp-json\/wp\/v2\/comments?post=3929"}],"version-history":[{"count":0,"href":"https:\/\/www.lillegrandpalais.com\/leblog\/wp-json\/wp\/v2\/posts\/3929\/revisions"}],"wp:featuredmedia":[{"embeddable":true,"href":"https:\/\/www.lillegrandpalais.com\/leblog\/wp-json\/"}],"wp:attachment":[{"href":"https:\/\/www.lillegrandpalais.com\/leblog\/wp-json\/wp\/v2\/media?parent=3929"}],"wp:term":[{"taxonomy":"category","embeddable":true,"href":"https:\/\/www.lillegrandpalais.com\/leblog\/wp-json\/wp\/v2\/categories?post=3929"},{"taxonomy":"post_tag","embeddable":true,"href":"https:\/\/www.lillegrandpalais.com\/leblog\/wp-json\/wp\/v2\/tags?post=3929"}],"curies":[{"name":"wp","href":"https:\/\/api.w.org\/{rel}","templated":true}]}}