{"id":4071,"date":"2017-03-08T10:29:16","date_gmt":"2017-03-08T09:29:16","guid":{"rendered":"https:\/\/www.lillegrandpalais.com\/un-bilan-plus-que-positif-pour-art-up-2017\/"},"modified":"2026-02-19T10:28:59","modified_gmt":"2026-02-19T09:28:59","slug":"un-bilan-plus-que-positif-pour-art-up-2017","status":"publish","type":"post","link":"https:\/\/www.lillegrandpalais.com\/leblog\/nos-productions\/un-bilan-plus-que-positif-pour-art-up-2017\/","title":{"rendered":"Un bilan plus que positif pour Art Up! 2017"},"content":{"rendered":"<p><strong><a href=\"https:\/\/www.lillegrandpalais.com\/wp-content\/uploads\/2017\/03\/Coleoptere-0255-Panorama5.jpg\"><img decoding=\"async\" class=\"aligncenter size-full wp-image-17431 lazyload\" data-src=\"https:\/\/www.lillegrandpalais.com\/wp-content\/uploads\/2017\/03\/Coleoptere-0255-Panorama5.jpg\" alt=\"DCIM100MEDIADJI_0255.JPG\" width=\"700\" height=\"232\" src=\"data:image\/gif;base64,R0lGODlhAQABAAAAACH5BAEKAAEALAAAAAABAAEAAAICTAEAOw==\" style=\"--smush-placeholder-width: 700px; --smush-placeholder-aspect-ratio: 700\/232;\" \/><\/a>Art Up! confirme sa position de 1\u00e8re foire d\u2019art contemporain en r\u00e9gion.<\/strong> Sur les 4 jours de foire, le salon a accueilli 32 000 visiteurs dont 6 000 personnes lors du vernissage. Avec ses 103 galeries dont 27 \u00e9trang\u00e8res, ce sont pr\u00e8s de 500 artistes qui ont \u00e9t\u00e9 pr\u00e9sent\u00e9s lors de cette \u00e9dition. Preuve de la bonne sant\u00e9 du salon, les ventes d\u2019\u0153uvres cette ann\u00e9e sont en hausse de 25%.<\/p>\n<p><strong>Une \u00e9dition anniversaire r\u00e9ussie<\/strong><br \/>\nPour cette 10e \u00e9dition, Art Up! gagne une nouvelle fois le pari de r\u00e9unir 32 000 visiteurs et 112 exposants pendant 4 jours autour d\u2019une programmation in\u00e9dite d\u2019expositions, conf\u00e9rences et ateliers.<br \/>\nCette ann\u00e9e, la diversit\u00e9 \u00e9tait une fois de plus \u00e0 l\u2019honneur. Art Up! a rassembl\u00e9 77 galeries fran\u00e7aises et 27 galeries internationales, dont 15 issues de la Belgique.<br \/>\nAvec un renouvellement annonc\u00e9 de 33 nouvelles galeries, l\u2019\u00e9dition 2017 a \u00e9t\u00e9 marqu\u00e9e par la pr\u00e9sence de la galerie belge de renom Guy Pieters Gallery qui a pr\u00e9sent\u00e9 une tr\u00e8s belle s\u00e9lection d\u2019\u0153uvres de Bernar Venet, Niki de Saint Phalle et Christo. La galerie allemande Urban Art Gallery a, quant \u00e0 elle, pr\u00e9sent\u00e9 un solo show remarqu\u00e9 de Marc C. Woehr.<\/p>\n<p><strong>Un visitorat de qualit\u00e9<\/strong><br \/>\nLe vernissage a rassembl\u00e9 6 000 personnes dont de nombreux collectionneurs et invit\u00e9s d\u2019entreprises de la r\u00e9gion qui participent \u00e0 la foire par le biais d\u2019\u00e9v\u00e9nements priv\u00e9s.<br \/>\nLes visiteurs de la foire proviennent en majorit\u00e9 de la r\u00e9gion des Hauts-de-France. Mais les Belges sont \u00e9galement de plus en plus nombreux \u00e0 se d\u00e9placer.<br \/>\n<em>\u00ab Art Up! est un rendez-vous attendu qui attire chaque ann\u00e9e de plus en plus d\u2019amateurs et de collectionneurs de la r\u00e9gion et des pays limitrophes \u00bb<\/em>, pr\u00e9cise Didier Vesse, Directeur artistique d&rsquo;Art Up!.<\/p>\n<p><strong>Les ventes en hausse<\/strong><br \/>\nLes ventes par rapport \u00e0 l\u2019\u00e9dition 2016 sont tr\u00e8s satisfaisantes avec une hausse de 25%. <em>\u00ab D\u00e8s le vernissage, nous avons constat\u00e9 un engouement du public pour les \u0153uvres propos\u00e9es par les galeries. Ce public appr\u00e9cie l\u2019art contemporain et \u00e9volue positivement. R\u00e9sultat, il est pass\u00e9 plus rapidement \u00e0 l\u2019acte d\u2019achat. Le courant d\u2019affaires r\u00e9alis\u00e9 cette ann\u00e9e s\u2019est r\u00e9parti de mani\u00e8re harmonieuse entre les galeries. Cela a \u00e9t\u00e9 porteur pour tous avec un sentiment de bonne humeur partag\u00e9 avec le public \u00bb<\/em>, commente Didier Vesse.<\/p>\n<p><strong>Art Up! 2017 : 32 000 visiteurs \u00e0 la d\u00e9couverte de l\u2019art contemporain<\/strong><br \/>\nUne fois encore, Art Up! a su se renouveler pour faire d\u00e9couvrir l\u2019art contemporain dans sa diversit\u00e9 en mati\u00e8re de courants, de supports et de m\u00e9diums.<br \/>\nCette ann\u00e9e, le th\u00e8me \u00ab ar(t)chitectures \u00bb \u00e9tait au centre de la programmation.<br \/>\nLes visiteurs ont ainsi pu d\u00e9couvrir les \u0153uvres de plus de 60 artistes qui offraient leur vision artistique et personnelle sur l\u2019art et l\u2019environnement.<br \/>\nLa carte blanche donn\u00e9e au duo \u00ab Olson + Delage\u00a0\u00bb par la galerie lilloise C\u00e9dric Bacqueville a attir\u00e9 de nombreux visiteurs, invit\u00e9s \u00e0 s\u2019extraire de la foire et de son effervescence dans leur espace d\u2019exp\u00e9rimentations visuelles.<br \/>\nL\u2019exposition \u00ab Revelation by Art Up! \u00bb, qui permet aux \u00e9tudiants d\u2019\u00e9coles d\u2019art de la r\u00e9gion d\u2019exposer leurs travaux, a \u00e9galement rencontr\u00e9 une fois encore un beau succ\u00e8s aupr\u00e8s des collectionneurs et d\u00e9tecteurs de nouveaux talents.<\/p>\n<p><strong>Des rendez-vous qui ont trouv\u00e9 leur public<\/strong><br \/>\nLe cycle de conf\u00e9rences organis\u00e9 durant le week-end sur la th\u00e9matique \u00ab art et architecture \u00bb a rassembl\u00e9 un public nombreux, notamment la conf\u00e9rence \u00ab La Villa Cavrois ou la modernit\u00e9 incarn\u00e9e \u00bb port\u00e9e par Herv\u00e9 Parsy, ancien administrateur de la villa.<br \/>\nLe week-end, Art Up! accueille \u00e9galement un public familial qui participe aux animations propos\u00e9es telles que des shooting photos, des ateliers de dessins, de gravures&#8230; Les 7 espaces investis par les ateliers ont fait le plein et ont attir\u00e9 un grand nombre de visiteurs.<\/p>\n<p><strong>Save the date<\/strong> : Prochain rendez-vous Art Up! \u00e0 Lille Grand Palais du 15 au 18 f\u00e9vrier 2018.<\/p>\n","protected":false},"excerpt":{"rendered":"<p>Art Up! a rassembl\u00e9 77 galeries fran\u00e7aises et 27 galeries internationales, dont 15 issues de la Belgique.<\/p>\n","protected":false},"author":1,"featured_media":0,"comment_status":"open","ping_status":"open","sticky":false,"template":"","format":"standard","meta":{"_acf_changed":false,"footnotes":""},"categories":[909],"tags":[115,321,322,112],"class_list":["post-4071","post","type-post","status-publish","format-standard","hentry","category-nos-productions","tag-art-contemporain","tag-art-contemporain-art-up","tag-art-up","tag-foire"],"acf":[],"yoast_head":"<!-- This site is optimized with the Yoast SEO plugin v27.2 - https:\/\/yoast.com\/product\/yoast-seo-wordpress\/ -->\n<title>Un bilan plus que positif pour Art Up! 2017 - Lille Grand Palais<\/title>\n<meta name=\"description\" content=\"Art Up confirme sa position de 1\u00e8re foire d\u2019art contemporain en r\u00e9gion. Le salon a accueilli 32 000 visiteurs dont 6 000 lors du vernissage.\" \/>\n<meta name=\"robots\" content=\"index, follow, max-snippet:-1, max-image-preview:large, max-video-preview:-1\" \/>\n<link rel=\"canonical\" href=\"https:\/\/www.lillegrandpalais.com\/leblog\/nos-productions\/un-bilan-plus-que-positif-pour-art-up-2017\/\" \/>\n<meta property=\"og:locale\" content=\"fr_FR\" \/>\n<meta property=\"og:type\" content=\"article\" \/>\n<meta property=\"og:title\" content=\"Un bilan plus que positif pour Art Up! 2017 - Lille Grand Palais\" \/>\n<meta property=\"og:description\" content=\"Art Up confirme sa position de 1\u00e8re foire d\u2019art contemporain en r\u00e9gion. Le salon a accueilli 32 000 visiteurs dont 6 000 lors du vernissage.\" \/>\n<meta property=\"og:url\" content=\"https:\/\/www.lillegrandpalais.com\/leblog\/nos-productions\/un-bilan-plus-que-positif-pour-art-up-2017\/\" \/>\n<meta property=\"og:site_name\" content=\"Blog\" \/>\n<meta property=\"article:published_time\" content=\"2017-03-08T09:29:16+00:00\" \/>\n<meta property=\"article:modified_time\" content=\"2026-02-19T09:28:59+00:00\" \/>\n<meta name=\"author\" content=\"manuel@14h28.com\" \/>\n<meta name=\"twitter:card\" content=\"summary_large_image\" \/>\n<meta name=\"twitter:label1\" content=\"\u00c9crit par\" \/>\n\t<meta name=\"twitter:data1\" content=\"manuel@14h28.com\" \/>\n\t<meta name=\"twitter:label2\" content=\"Dur\u00e9e de lecture estim\u00e9e\" \/>\n\t<meta name=\"twitter:data2\" content=\"4 minutes\" \/>\n<script type=\"application\/ld+json\" class=\"yoast-schema-graph\">{\"@context\":\"https:\/\/schema.org\",\"@graph\":[{\"@type\":\"Article\",\"@id\":\"https:\/\/www.lillegrandpalais.com\/leblog\/nos-productions\/un-bilan-plus-que-positif-pour-art-up-2017\/#article\",\"isPartOf\":{\"@id\":\"https:\/\/www.lillegrandpalais.com\/leblog\/nos-productions\/un-bilan-plus-que-positif-pour-art-up-2017\/\"},\"author\":{\"name\":\"manuel@14h28.com\",\"@id\":\"https:\/\/www.lillegrandpalais.com\/leblog\/#\/schema\/person\/ff2adf04c81de654fda702333a9b25c8\"},\"headline\":\"Un bilan plus que positif pour Art Up! 2017\",\"datePublished\":\"2017-03-08T09:29:16+00:00\",\"dateModified\":\"2026-02-19T09:28:59+00:00\",\"mainEntityOfPage\":{\"@id\":\"https:\/\/www.lillegrandpalais.com\/leblog\/nos-productions\/un-bilan-plus-que-positif-pour-art-up-2017\/\"},\"wordCount\":672,\"commentCount\":0,\"image\":{\"@id\":\"https:\/\/www.lillegrandpalais.com\/leblog\/nos-productions\/un-bilan-plus-que-positif-pour-art-up-2017\/#primaryimage\"},\"thumbnailUrl\":\"https:\/\/www.lillegrandpalais.com\/wp-content\/uploads\/2017\/03\/Coleoptere-0255-Panorama5.jpg\",\"keywords\":[\"art contemporain\",\"art contemporain Art Up!\",\"Art Up !\",\"foire\"],\"articleSection\":[\"Nos productions\"],\"inLanguage\":\"fr-FR\",\"potentialAction\":[{\"@type\":\"CommentAction\",\"name\":\"Comment\",\"target\":[\"https:\/\/www.lillegrandpalais.com\/leblog\/nos-productions\/un-bilan-plus-que-positif-pour-art-up-2017\/#respond\"]}]},{\"@type\":\"WebPage\",\"@id\":\"https:\/\/www.lillegrandpalais.com\/leblog\/nos-productions\/un-bilan-plus-que-positif-pour-art-up-2017\/\",\"url\":\"https:\/\/www.lillegrandpalais.com\/leblog\/nos-productions\/un-bilan-plus-que-positif-pour-art-up-2017\/\",\"name\":\"Un bilan plus que positif pour Art Up! 2017 - Lille Grand Palais\",\"isPartOf\":{\"@id\":\"https:\/\/www.lillegrandpalais.com\/leblog\/#website\"},\"primaryImageOfPage\":{\"@id\":\"https:\/\/www.lillegrandpalais.com\/leblog\/nos-productions\/un-bilan-plus-que-positif-pour-art-up-2017\/#primaryimage\"},\"image\":{\"@id\":\"https:\/\/www.lillegrandpalais.com\/leblog\/nos-productions\/un-bilan-plus-que-positif-pour-art-up-2017\/#primaryimage\"},\"thumbnailUrl\":\"https:\/\/www.lillegrandpalais.com\/wp-content\/uploads\/2017\/03\/Coleoptere-0255-Panorama5.jpg\",\"datePublished\":\"2017-03-08T09:29:16+00:00\",\"dateModified\":\"2026-02-19T09:28:59+00:00\",\"author\":{\"@id\":\"https:\/\/www.lillegrandpalais.com\/leblog\/#\/schema\/person\/ff2adf04c81de654fda702333a9b25c8\"},\"description\":\"Art Up confirme sa position de 1\u00e8re foire d\u2019art contemporain en r\u00e9gion. Le salon a accueilli 32 000 visiteurs dont 6 000 lors du vernissage.\",\"breadcrumb\":{\"@id\":\"https:\/\/www.lillegrandpalais.com\/leblog\/nos-productions\/un-bilan-plus-que-positif-pour-art-up-2017\/#breadcrumb\"},\"inLanguage\":\"fr-FR\",\"potentialAction\":[{\"@type\":\"ReadAction\",\"target\":[\"https:\/\/www.lillegrandpalais.com\/leblog\/nos-productions\/un-bilan-plus-que-positif-pour-art-up-2017\/\"]}]},{\"@type\":\"ImageObject\",\"inLanguage\":\"fr-FR\",\"@id\":\"https:\/\/www.lillegrandpalais.com\/leblog\/nos-productions\/un-bilan-plus-que-positif-pour-art-up-2017\/#primaryimage\",\"url\":\"https:\/\/www.lillegrandpalais.com\/wp-content\/uploads\/2017\/03\/Coleoptere-0255-Panorama5.jpg\",\"contentUrl\":\"https:\/\/www.lillegrandpalais.com\/wp-content\/uploads\/2017\/03\/Coleoptere-0255-Panorama5.jpg\"},{\"@type\":\"BreadcrumbList\",\"@id\":\"https:\/\/www.lillegrandpalais.com\/leblog\/nos-productions\/un-bilan-plus-que-positif-pour-art-up-2017\/#breadcrumb\",\"itemListElement\":[{\"@type\":\"ListItem\",\"position\":1,\"name\":\"Accueil\",\"item\":\"https:\/\/www.lillegrandpalais.com\/leblog\/\"},{\"@type\":\"ListItem\",\"position\":2,\"name\":\"Un bilan plus que positif pour...\"}]},{\"@type\":\"WebSite\",\"@id\":\"https:\/\/www.lillegrandpalais.com\/leblog\/#website\",\"url\":\"https:\/\/www.lillegrandpalais.com\/leblog\/\",\"name\":\"Blog\",\"description\":\"\",\"potentialAction\":[{\"@type\":\"SearchAction\",\"target\":{\"@type\":\"EntryPoint\",\"urlTemplate\":\"https:\/\/www.lillegrandpalais.com\/leblog\/?s={search_term_string}\"},\"query-input\":{\"@type\":\"PropertyValueSpecification\",\"valueRequired\":true,\"valueName\":\"search_term_string\"}}],\"inLanguage\":\"fr-FR\"},{\"@type\":\"Person\",\"@id\":\"https:\/\/www.lillegrandpalais.com\/leblog\/#\/schema\/person\/ff2adf04c81de654fda702333a9b25c8\",\"name\":\"manuel@14h28.com\",\"image\":{\"@type\":\"ImageObject\",\"inLanguage\":\"fr-FR\",\"@id\":\"https:\/\/secure.gravatar.com\/avatar\/2dda1fcf8bd5402d886ab633ea18a694b68c81ac7d92d0c31950634de1c4972a?s=96&d=mm&r=g\",\"url\":\"https:\/\/secure.gravatar.com\/avatar\/2dda1fcf8bd5402d886ab633ea18a694b68c81ac7d92d0c31950634de1c4972a?s=96&d=mm&r=g\",\"contentUrl\":\"https:\/\/secure.gravatar.com\/avatar\/2dda1fcf8bd5402d886ab633ea18a694b68c81ac7d92d0c31950634de1c4972a?s=96&d=mm&r=g\",\"caption\":\"manuel@14h28.com\"},\"sameAs\":[\"https:\/\/www.lillegrandpalais.com\"],\"url\":\"https:\/\/www.lillegrandpalais.com\/leblog\/author\/manuel14h28-com\/\"}]}<\/script>\n<!-- \/ Yoast SEO plugin. -->","yoast_head_json":{"title":"Un bilan plus que positif pour Art Up! 2017 - Lille Grand Palais","description":"Art Up confirme sa position de 1\u00e8re foire d\u2019art contemporain en r\u00e9gion. Le salon a accueilli 32 000 visiteurs dont 6 000 lors du vernissage.","robots":{"index":"index","follow":"follow","max-snippet":"max-snippet:-1","max-image-preview":"max-image-preview:large","max-video-preview":"max-video-preview:-1"},"canonical":"https:\/\/www.lillegrandpalais.com\/leblog\/nos-productions\/un-bilan-plus-que-positif-pour-art-up-2017\/","og_locale":"fr_FR","og_type":"article","og_title":"Un bilan plus que positif pour Art Up! 2017 - Lille Grand Palais","og_description":"Art Up confirme sa position de 1\u00e8re foire d\u2019art contemporain en r\u00e9gion. Le salon a accueilli 32 000 visiteurs dont 6 000 lors du vernissage.","og_url":"https:\/\/www.lillegrandpalais.com\/leblog\/nos-productions\/un-bilan-plus-que-positif-pour-art-up-2017\/","og_site_name":"Blog","article_published_time":"2017-03-08T09:29:16+00:00","article_modified_time":"2026-02-19T09:28:59+00:00","author":"manuel@14h28.com","twitter_card":"summary_large_image","twitter_misc":{"\u00c9crit par":"manuel@14h28.com","Dur\u00e9e de lecture estim\u00e9e":"4 minutes"},"schema":{"@context":"https:\/\/schema.org","@graph":[{"@type":"Article","@id":"https:\/\/www.lillegrandpalais.com\/leblog\/nos-productions\/un-bilan-plus-que-positif-pour-art-up-2017\/#article","isPartOf":{"@id":"https:\/\/www.lillegrandpalais.com\/leblog\/nos-productions\/un-bilan-plus-que-positif-pour-art-up-2017\/"},"author":{"name":"manuel@14h28.com","@id":"https:\/\/www.lillegrandpalais.com\/leblog\/#\/schema\/person\/ff2adf04c81de654fda702333a9b25c8"},"headline":"Un bilan plus que positif pour Art Up! 2017","datePublished":"2017-03-08T09:29:16+00:00","dateModified":"2026-02-19T09:28:59+00:00","mainEntityOfPage":{"@id":"https:\/\/www.lillegrandpalais.com\/leblog\/nos-productions\/un-bilan-plus-que-positif-pour-art-up-2017\/"},"wordCount":672,"commentCount":0,"image":{"@id":"https:\/\/www.lillegrandpalais.com\/leblog\/nos-productions\/un-bilan-plus-que-positif-pour-art-up-2017\/#primaryimage"},"thumbnailUrl":"https:\/\/www.lillegrandpalais.com\/wp-content\/uploads\/2017\/03\/Coleoptere-0255-Panorama5.jpg","keywords":["art contemporain","art contemporain Art Up!","Art Up !","foire"],"articleSection":["Nos productions"],"inLanguage":"fr-FR","potentialAction":[{"@type":"CommentAction","name":"Comment","target":["https:\/\/www.lillegrandpalais.com\/leblog\/nos-productions\/un-bilan-plus-que-positif-pour-art-up-2017\/#respond"]}]},{"@type":"WebPage","@id":"https:\/\/www.lillegrandpalais.com\/leblog\/nos-productions\/un-bilan-plus-que-positif-pour-art-up-2017\/","url":"https:\/\/www.lillegrandpalais.com\/leblog\/nos-productions\/un-bilan-plus-que-positif-pour-art-up-2017\/","name":"Un bilan plus que positif pour Art Up! 2017 - Lille Grand Palais","isPartOf":{"@id":"https:\/\/www.lillegrandpalais.com\/leblog\/#website"},"primaryImageOfPage":{"@id":"https:\/\/www.lillegrandpalais.com\/leblog\/nos-productions\/un-bilan-plus-que-positif-pour-art-up-2017\/#primaryimage"},"image":{"@id":"https:\/\/www.lillegrandpalais.com\/leblog\/nos-productions\/un-bilan-plus-que-positif-pour-art-up-2017\/#primaryimage"},"thumbnailUrl":"https:\/\/www.lillegrandpalais.com\/wp-content\/uploads\/2017\/03\/Coleoptere-0255-Panorama5.jpg","datePublished":"2017-03-08T09:29:16+00:00","dateModified":"2026-02-19T09:28:59+00:00","author":{"@id":"https:\/\/www.lillegrandpalais.com\/leblog\/#\/schema\/person\/ff2adf04c81de654fda702333a9b25c8"},"description":"Art Up confirme sa position de 1\u00e8re foire d\u2019art contemporain en r\u00e9gion. Le salon a accueilli 32 000 visiteurs dont 6 000 lors du vernissage.","breadcrumb":{"@id":"https:\/\/www.lillegrandpalais.com\/leblog\/nos-productions\/un-bilan-plus-que-positif-pour-art-up-2017\/#breadcrumb"},"inLanguage":"fr-FR","potentialAction":[{"@type":"ReadAction","target":["https:\/\/www.lillegrandpalais.com\/leblog\/nos-productions\/un-bilan-plus-que-positif-pour-art-up-2017\/"]}]},{"@type":"ImageObject","inLanguage":"fr-FR","@id":"https:\/\/www.lillegrandpalais.com\/leblog\/nos-productions\/un-bilan-plus-que-positif-pour-art-up-2017\/#primaryimage","url":"https:\/\/www.lillegrandpalais.com\/wp-content\/uploads\/2017\/03\/Coleoptere-0255-Panorama5.jpg","contentUrl":"https:\/\/www.lillegrandpalais.com\/wp-content\/uploads\/2017\/03\/Coleoptere-0255-Panorama5.jpg"},{"@type":"BreadcrumbList","@id":"https:\/\/www.lillegrandpalais.com\/leblog\/nos-productions\/un-bilan-plus-que-positif-pour-art-up-2017\/#breadcrumb","itemListElement":[{"@type":"ListItem","position":1,"name":"Accueil","item":"https:\/\/www.lillegrandpalais.com\/leblog\/"},{"@type":"ListItem","position":2,"name":"Un bilan plus que positif pour..."}]},{"@type":"WebSite","@id":"https:\/\/www.lillegrandpalais.com\/leblog\/#website","url":"https:\/\/www.lillegrandpalais.com\/leblog\/","name":"Blog","description":"","potentialAction":[{"@type":"SearchAction","target":{"@type":"EntryPoint","urlTemplate":"https:\/\/www.lillegrandpalais.com\/leblog\/?s={search_term_string}"},"query-input":{"@type":"PropertyValueSpecification","valueRequired":true,"valueName":"search_term_string"}}],"inLanguage":"fr-FR"},{"@type":"Person","@id":"https:\/\/www.lillegrandpalais.com\/leblog\/#\/schema\/person\/ff2adf04c81de654fda702333a9b25c8","name":"manuel@14h28.com","image":{"@type":"ImageObject","inLanguage":"fr-FR","@id":"https:\/\/secure.gravatar.com\/avatar\/2dda1fcf8bd5402d886ab633ea18a694b68c81ac7d92d0c31950634de1c4972a?s=96&d=mm&r=g","url":"https:\/\/secure.gravatar.com\/avatar\/2dda1fcf8bd5402d886ab633ea18a694b68c81ac7d92d0c31950634de1c4972a?s=96&d=mm&r=g","contentUrl":"https:\/\/secure.gravatar.com\/avatar\/2dda1fcf8bd5402d886ab633ea18a694b68c81ac7d92d0c31950634de1c4972a?s=96&d=mm&r=g","caption":"manuel@14h28.com"},"sameAs":["https:\/\/www.lillegrandpalais.com"],"url":"https:\/\/www.lillegrandpalais.com\/leblog\/author\/manuel14h28-com\/"}]}},"_links":{"self":[{"href":"https:\/\/www.lillegrandpalais.com\/leblog\/wp-json\/wp\/v2\/posts\/4071","targetHints":{"allow":["GET"]}}],"collection":[{"href":"https:\/\/www.lillegrandpalais.com\/leblog\/wp-json\/wp\/v2\/posts"}],"about":[{"href":"https:\/\/www.lillegrandpalais.com\/leblog\/wp-json\/wp\/v2\/types\/post"}],"author":[{"embeddable":true,"href":"https:\/\/www.lillegrandpalais.com\/leblog\/wp-json\/wp\/v2\/users\/1"}],"replies":[{"embeddable":true,"href":"https:\/\/www.lillegrandpalais.com\/leblog\/wp-json\/wp\/v2\/comments?post=4071"}],"version-history":[{"count":1,"href":"https:\/\/www.lillegrandpalais.com\/leblog\/wp-json\/wp\/v2\/posts\/4071\/revisions"}],"predecessor-version":[{"id":22847,"href":"https:\/\/www.lillegrandpalais.com\/leblog\/wp-json\/wp\/v2\/posts\/4071\/revisions\/22847"}],"wp:attachment":[{"href":"https:\/\/www.lillegrandpalais.com\/leblog\/wp-json\/wp\/v2\/media?parent=4071"}],"wp:term":[{"taxonomy":"category","embeddable":true,"href":"https:\/\/www.lillegrandpalais.com\/leblog\/wp-json\/wp\/v2\/categories?post=4071"},{"taxonomy":"post_tag","embeddable":true,"href":"https:\/\/www.lillegrandpalais.com\/leblog\/wp-json\/wp\/v2\/tags?post=4071"}],"curies":[{"name":"wp","href":"https:\/\/api.w.org\/{rel}","templated":true}]}}