{"id":4857,"date":"2014-03-05T16:31:50","date_gmt":"2014-03-05T15:31:50","guid":{"rendered":"https:\/\/www.lillegrandpalais.com\/parkinson-les-traitements-de-demain\/"},"modified":"2014-03-05T16:31:50","modified_gmt":"2014-03-05T15:31:50","slug":"parkinson-les-traitements-de-demain","status":"publish","type":"post","link":"https:\/\/www.lillegrandpalais.com\/leblog\/actu\/parkinson-les-traitements-de-demain\/","title":{"rendered":"Parkinson, les traitements de demain"},"content":{"rendered":"<p><img decoding=\"async\" class=\"wp-image-12383 alignleft lazyload\" title=\"AFF-PARKINSON\" data-src=\"https:\/\/www.lillegrandpalais.com\/wp-content\/uploads\/2014\/03\/AFF-PARKINSON-743x1024.jpg\" alt=\"\" width=\"268\" height=\"368\" src=\"data:image\/gif;base64,R0lGODlhAQABAAAAACH5BAEKAAEALAAAAAABAAEAAAICTAEAOw==\" style=\"--smush-placeholder-width: 268px; --smush-placeholder-aspect-ratio: 268\/368;\" \/><\/p>\n<p><strong>Lille\u00a0<\/strong><strong>Grand Palais avec le parrainage de M comme Mutuelle organise une soir\u00e9e sant\u00e9 grand public gratuite, mardi 8 avril \u00e0 18h30, sur le th\u00e8me : Parkinson les traitements de demain.<\/strong><\/p>\n<p>La maladie de Parkinson est une affection neurod\u00e9g\u00e9n\u00e9rative chronique, lentement \u00e9volutive qui touche environ 100 000 malades en France, et 8 000 nouveaux cas se d\u00e9clarent chaque ann\u00e9e*. \u00a0<strong>Deux jours avant la journ\u00e9e mondiale de la maladie de Parkinson,<\/strong>\u00a0Lille Grand Palais propose une conf\u00e9rence gratuite en pr\u00e9sence de sp\u00e9cialistes pour r\u00e9pondre \u00e0 toutes les questions du grand public.<\/p>\n<p>La pr\u00e9vention et les risques, les nouveaux traitements ainsi que l\u2019aide aux proches et aux malades seront les points abord\u00e9s lors de cette conf\u00e9rence.<\/p>\n<p>En seconde partie de soir\u00e9e, le grand public est invit\u00e9 \u00e0 rencontrer les associations de b\u00e9n\u00e9voles et les structures professionnelles autour de la maladie de Parkinson.<\/p>\n<address>INFORMATIONS PRATIQUES<br \/>\nEntr\u00e9e gratuite<br \/>\nInscription conseill\u00e9e : <a title=\"Soir\u00e9e sant\u00e9\" href=\"http:\/\/www.soiree-sante.com\" target=\"_blank\" rel=\"noopener noreferrer\">www.soiree-sante.com<\/a><br \/>\nSoir\u00e9e sant\u00e9 Lille Grand Palais<br \/>\nMardi 8 avril 18h30 \u2013 22h30<\/address>\n<p>*source : INSERM<\/p>\n","protected":false},"excerpt":{"rendered":"<p>Lille\u00a0Grand Palais avec le parrainage de M comme Mutuelle organise une soir\u00e9e sant\u00e9 grand public gratuite, mardi 8 avril \u00e0 18h30, sur le th\u00e8me : Parkinson les traitements de demain. La maladie de Parkinson est une affection neurod\u00e9g\u00e9n\u00e9rative chronique, lentement \u00e9volutive qui touche environ 100 000 malades en France, et 8 000 nouveaux cas se [&hellip;]<\/p>\n","protected":false},"author":1,"featured_media":4858,"comment_status":"open","ping_status":"open","sticky":false,"template":"","format":"standard","meta":{"_acf_changed":false,"footnotes":""},"categories":[27],"tags":[337,324],"class_list":["post-4857","post","type-post","status-publish","format-standard","has-post-thumbnail","hentry","category-actu","tag-nousauronstoujours20ans","tag-parkinson"],"acf":[],"yoast_head":"<!-- This site is optimized with the Yoast SEO plugin v27.2 - https:\/\/yoast.com\/product\/yoast-seo-wordpress\/ -->\n<title>Parkinson, les traitements de demain - Soir\u00e9e grand public - entr\u00e9e gratuite<\/title>\n<meta name=\"description\" content=\"Prochaine soir\u00e9e sant\u00e9 grand public gratuite, mardi 8 avril \u00e0 18h30, sur le th\u00e8me : Parkinson les traitements de demain.\" \/>\n<meta name=\"robots\" content=\"index, follow, max-snippet:-1, max-image-preview:large, max-video-preview:-1\" \/>\n<link rel=\"canonical\" href=\"https:\/\/www.lillegrandpalais.com\/leblog\/au-coeur-de-levenement\/parkinson-les-traitements-de-demain\/\" \/>\n<meta property=\"og:locale\" content=\"fr_FR\" \/>\n<meta property=\"og:type\" content=\"article\" \/>\n<meta property=\"og:title\" content=\"Parkinson, les traitements de demain - Soir\u00e9e grand public - entr\u00e9e gratuite\" \/>\n<meta property=\"og:description\" content=\"Prochaine soir\u00e9e sant\u00e9 grand public gratuite, mardi 8 avril \u00e0 18h30, sur le th\u00e8me : Parkinson les traitements de demain.\" \/>\n<meta property=\"og:url\" content=\"https:\/\/www.lillegrandpalais.com\/leblog\/au-coeur-de-levenement\/parkinson-les-traitements-de-demain\/\" \/>\n<meta property=\"og:site_name\" content=\"Blog\" \/>\n<meta property=\"article:published_time\" content=\"2014-03-05T15:31:50+00:00\" \/>\n<meta name=\"author\" content=\"manuel@14h28.com\" \/>\n<meta name=\"twitter:card\" content=\"summary_large_image\" \/>\n<meta name=\"twitter:label1\" content=\"\u00c9crit par\" \/>\n\t<meta name=\"twitter:data1\" content=\"manuel@14h28.com\" \/>\n\t<meta name=\"twitter:label2\" content=\"Dur\u00e9e de lecture estim\u00e9e\" \/>\n\t<meta name=\"twitter:data2\" content=\"1 minute\" \/>\n<script type=\"application\/ld+json\" class=\"yoast-schema-graph\">{\"@context\":\"https:\/\/schema.org\",\"@graph\":[{\"@type\":\"Article\",\"@id\":\"https:\/\/www.lillegrandpalais.com\/leblog\/au-coeur-de-levenement\/parkinson-les-traitements-de-demain\/#article\",\"isPartOf\":{\"@id\":\"https:\/\/www.lillegrandpalais.com\/leblog\/au-coeur-de-levenement\/parkinson-les-traitements-de-demain\/\"},\"author\":{\"name\":\"manuel@14h28.com\",\"@id\":\"https:\/\/www.lillegrandpalais.com\/leblog\/#\/schema\/person\/ff2adf04c81de654fda702333a9b25c8\"},\"headline\":\"Parkinson, les traitements de demain\",\"datePublished\":\"2014-03-05T15:31:50+00:00\",\"mainEntityOfPage\":{\"@id\":\"https:\/\/www.lillegrandpalais.com\/leblog\/au-coeur-de-levenement\/parkinson-les-traitements-de-demain\/\"},\"wordCount\":178,\"commentCount\":0,\"image\":{\"@id\":\"https:\/\/www.lillegrandpalais.com\/leblog\/au-coeur-de-levenement\/parkinson-les-traitements-de-demain\/#primaryimage\"},\"thumbnailUrl\":\"\",\"keywords\":[\"nousauronstoujours20ans\",\"parkinson\"],\"articleSection\":[\"Actu\"],\"inLanguage\":\"fr-FR\",\"potentialAction\":[{\"@type\":\"CommentAction\",\"name\":\"Comment\",\"target\":[\"https:\/\/www.lillegrandpalais.com\/leblog\/au-coeur-de-levenement\/parkinson-les-traitements-de-demain\/#respond\"]}]},{\"@type\":\"WebPage\",\"@id\":\"https:\/\/www.lillegrandpalais.com\/leblog\/au-coeur-de-levenement\/parkinson-les-traitements-de-demain\/\",\"url\":\"https:\/\/www.lillegrandpalais.com\/leblog\/au-coeur-de-levenement\/parkinson-les-traitements-de-demain\/\",\"name\":\"Parkinson, les traitements de demain - Soir\u00e9e grand public - entr\u00e9e gratuite\",\"isPartOf\":{\"@id\":\"https:\/\/www.lillegrandpalais.com\/leblog\/#website\"},\"primaryImageOfPage\":{\"@id\":\"https:\/\/www.lillegrandpalais.com\/leblog\/au-coeur-de-levenement\/parkinson-les-traitements-de-demain\/#primaryimage\"},\"image\":{\"@id\":\"https:\/\/www.lillegrandpalais.com\/leblog\/au-coeur-de-levenement\/parkinson-les-traitements-de-demain\/#primaryimage\"},\"thumbnailUrl\":\"\",\"datePublished\":\"2014-03-05T15:31:50+00:00\",\"author\":{\"@id\":\"https:\/\/www.lillegrandpalais.com\/leblog\/#\/schema\/person\/ff2adf04c81de654fda702333a9b25c8\"},\"description\":\"Prochaine soir\u00e9e sant\u00e9 grand public gratuite, mardi 8 avril \u00e0 18h30, sur le th\u00e8me : Parkinson les traitements de demain.\",\"breadcrumb\":{\"@id\":\"https:\/\/www.lillegrandpalais.com\/leblog\/au-coeur-de-levenement\/parkinson-les-traitements-de-demain\/#breadcrumb\"},\"inLanguage\":\"fr-FR\",\"potentialAction\":[{\"@type\":\"ReadAction\",\"target\":[\"https:\/\/www.lillegrandpalais.com\/leblog\/au-coeur-de-levenement\/parkinson-les-traitements-de-demain\/\"]}]},{\"@type\":\"ImageObject\",\"inLanguage\":\"fr-FR\",\"@id\":\"https:\/\/www.lillegrandpalais.com\/leblog\/au-coeur-de-levenement\/parkinson-les-traitements-de-demain\/#primaryimage\",\"url\":\"\",\"contentUrl\":\"\"},{\"@type\":\"BreadcrumbList\",\"@id\":\"https:\/\/www.lillegrandpalais.com\/leblog\/au-coeur-de-levenement\/parkinson-les-traitements-de-demain\/#breadcrumb\",\"itemListElement\":[{\"@type\":\"ListItem\",\"position\":1,\"name\":\"Accueil\",\"item\":\"https:\/\/www.lillegrandpalais.com\/leblog\/\"},{\"@type\":\"ListItem\",\"position\":2,\"name\":\"Parkinson, les traitements de ...\"}]},{\"@type\":\"WebSite\",\"@id\":\"https:\/\/www.lillegrandpalais.com\/leblog\/#website\",\"url\":\"https:\/\/www.lillegrandpalais.com\/leblog\/\",\"name\":\"Blog\",\"description\":\"\",\"potentialAction\":[{\"@type\":\"SearchAction\",\"target\":{\"@type\":\"EntryPoint\",\"urlTemplate\":\"https:\/\/www.lillegrandpalais.com\/leblog\/?s={search_term_string}\"},\"query-input\":{\"@type\":\"PropertyValueSpecification\",\"valueRequired\":true,\"valueName\":\"search_term_string\"}}],\"inLanguage\":\"fr-FR\"},{\"@type\":\"Person\",\"@id\":\"https:\/\/www.lillegrandpalais.com\/leblog\/#\/schema\/person\/ff2adf04c81de654fda702333a9b25c8\",\"name\":\"manuel@14h28.com\",\"image\":{\"@type\":\"ImageObject\",\"inLanguage\":\"fr-FR\",\"@id\":\"https:\/\/secure.gravatar.com\/avatar\/2dda1fcf8bd5402d886ab633ea18a694b68c81ac7d92d0c31950634de1c4972a?s=96&d=mm&r=g\",\"url\":\"https:\/\/secure.gravatar.com\/avatar\/2dda1fcf8bd5402d886ab633ea18a694b68c81ac7d92d0c31950634de1c4972a?s=96&d=mm&r=g\",\"contentUrl\":\"https:\/\/secure.gravatar.com\/avatar\/2dda1fcf8bd5402d886ab633ea18a694b68c81ac7d92d0c31950634de1c4972a?s=96&d=mm&r=g\",\"caption\":\"manuel@14h28.com\"},\"sameAs\":[\"https:\/\/www.lillegrandpalais.com\"],\"url\":\"https:\/\/www.lillegrandpalais.com\/leblog\/author\/manuel14h28-com\/\"}]}<\/script>\n<!-- \/ Yoast SEO plugin. -->","yoast_head_json":{"title":"Parkinson, les traitements de demain - Soir\u00e9e grand public - entr\u00e9e gratuite","description":"Prochaine soir\u00e9e sant\u00e9 grand public gratuite, mardi 8 avril \u00e0 18h30, sur le th\u00e8me : Parkinson les traitements de demain.","robots":{"index":"index","follow":"follow","max-snippet":"max-snippet:-1","max-image-preview":"max-image-preview:large","max-video-preview":"max-video-preview:-1"},"canonical":"https:\/\/www.lillegrandpalais.com\/leblog\/au-coeur-de-levenement\/parkinson-les-traitements-de-demain\/","og_locale":"fr_FR","og_type":"article","og_title":"Parkinson, les traitements de demain - Soir\u00e9e grand public - entr\u00e9e gratuite","og_description":"Prochaine soir\u00e9e sant\u00e9 grand public gratuite, mardi 8 avril \u00e0 18h30, sur le th\u00e8me : Parkinson les traitements de demain.","og_url":"https:\/\/www.lillegrandpalais.com\/leblog\/au-coeur-de-levenement\/parkinson-les-traitements-de-demain\/","og_site_name":"Blog","article_published_time":"2014-03-05T15:31:50+00:00","author":"manuel@14h28.com","twitter_card":"summary_large_image","twitter_misc":{"\u00c9crit par":"manuel@14h28.com","Dur\u00e9e de lecture estim\u00e9e":"1 minute"},"schema":{"@context":"https:\/\/schema.org","@graph":[{"@type":"Article","@id":"https:\/\/www.lillegrandpalais.com\/leblog\/au-coeur-de-levenement\/parkinson-les-traitements-de-demain\/#article","isPartOf":{"@id":"https:\/\/www.lillegrandpalais.com\/leblog\/au-coeur-de-levenement\/parkinson-les-traitements-de-demain\/"},"author":{"name":"manuel@14h28.com","@id":"https:\/\/www.lillegrandpalais.com\/leblog\/#\/schema\/person\/ff2adf04c81de654fda702333a9b25c8"},"headline":"Parkinson, les traitements de demain","datePublished":"2014-03-05T15:31:50+00:00","mainEntityOfPage":{"@id":"https:\/\/www.lillegrandpalais.com\/leblog\/au-coeur-de-levenement\/parkinson-les-traitements-de-demain\/"},"wordCount":178,"commentCount":0,"image":{"@id":"https:\/\/www.lillegrandpalais.com\/leblog\/au-coeur-de-levenement\/parkinson-les-traitements-de-demain\/#primaryimage"},"thumbnailUrl":"","keywords":["nousauronstoujours20ans","parkinson"],"articleSection":["Actu"],"inLanguage":"fr-FR","potentialAction":[{"@type":"CommentAction","name":"Comment","target":["https:\/\/www.lillegrandpalais.com\/leblog\/au-coeur-de-levenement\/parkinson-les-traitements-de-demain\/#respond"]}]},{"@type":"WebPage","@id":"https:\/\/www.lillegrandpalais.com\/leblog\/au-coeur-de-levenement\/parkinson-les-traitements-de-demain\/","url":"https:\/\/www.lillegrandpalais.com\/leblog\/au-coeur-de-levenement\/parkinson-les-traitements-de-demain\/","name":"Parkinson, les traitements de demain - Soir\u00e9e grand public - entr\u00e9e gratuite","isPartOf":{"@id":"https:\/\/www.lillegrandpalais.com\/leblog\/#website"},"primaryImageOfPage":{"@id":"https:\/\/www.lillegrandpalais.com\/leblog\/au-coeur-de-levenement\/parkinson-les-traitements-de-demain\/#primaryimage"},"image":{"@id":"https:\/\/www.lillegrandpalais.com\/leblog\/au-coeur-de-levenement\/parkinson-les-traitements-de-demain\/#primaryimage"},"thumbnailUrl":"","datePublished":"2014-03-05T15:31:50+00:00","author":{"@id":"https:\/\/www.lillegrandpalais.com\/leblog\/#\/schema\/person\/ff2adf04c81de654fda702333a9b25c8"},"description":"Prochaine soir\u00e9e sant\u00e9 grand public gratuite, mardi 8 avril \u00e0 18h30, sur le th\u00e8me : Parkinson les traitements de demain.","breadcrumb":{"@id":"https:\/\/www.lillegrandpalais.com\/leblog\/au-coeur-de-levenement\/parkinson-les-traitements-de-demain\/#breadcrumb"},"inLanguage":"fr-FR","potentialAction":[{"@type":"ReadAction","target":["https:\/\/www.lillegrandpalais.com\/leblog\/au-coeur-de-levenement\/parkinson-les-traitements-de-demain\/"]}]},{"@type":"ImageObject","inLanguage":"fr-FR","@id":"https:\/\/www.lillegrandpalais.com\/leblog\/au-coeur-de-levenement\/parkinson-les-traitements-de-demain\/#primaryimage","url":"","contentUrl":""},{"@type":"BreadcrumbList","@id":"https:\/\/www.lillegrandpalais.com\/leblog\/au-coeur-de-levenement\/parkinson-les-traitements-de-demain\/#breadcrumb","itemListElement":[{"@type":"ListItem","position":1,"name":"Accueil","item":"https:\/\/www.lillegrandpalais.com\/leblog\/"},{"@type":"ListItem","position":2,"name":"Parkinson, les traitements de ..."}]},{"@type":"WebSite","@id":"https:\/\/www.lillegrandpalais.com\/leblog\/#website","url":"https:\/\/www.lillegrandpalais.com\/leblog\/","name":"Blog","description":"","potentialAction":[{"@type":"SearchAction","target":{"@type":"EntryPoint","urlTemplate":"https:\/\/www.lillegrandpalais.com\/leblog\/?s={search_term_string}"},"query-input":{"@type":"PropertyValueSpecification","valueRequired":true,"valueName":"search_term_string"}}],"inLanguage":"fr-FR"},{"@type":"Person","@id":"https:\/\/www.lillegrandpalais.com\/leblog\/#\/schema\/person\/ff2adf04c81de654fda702333a9b25c8","name":"manuel@14h28.com","image":{"@type":"ImageObject","inLanguage":"fr-FR","@id":"https:\/\/secure.gravatar.com\/avatar\/2dda1fcf8bd5402d886ab633ea18a694b68c81ac7d92d0c31950634de1c4972a?s=96&d=mm&r=g","url":"https:\/\/secure.gravatar.com\/avatar\/2dda1fcf8bd5402d886ab633ea18a694b68c81ac7d92d0c31950634de1c4972a?s=96&d=mm&r=g","contentUrl":"https:\/\/secure.gravatar.com\/avatar\/2dda1fcf8bd5402d886ab633ea18a694b68c81ac7d92d0c31950634de1c4972a?s=96&d=mm&r=g","caption":"manuel@14h28.com"},"sameAs":["https:\/\/www.lillegrandpalais.com"],"url":"https:\/\/www.lillegrandpalais.com\/leblog\/author\/manuel14h28-com\/"}]}},"_links":{"self":[{"href":"https:\/\/www.lillegrandpalais.com\/leblog\/wp-json\/wp\/v2\/posts\/4857","targetHints":{"allow":["GET"]}}],"collection":[{"href":"https:\/\/www.lillegrandpalais.com\/leblog\/wp-json\/wp\/v2\/posts"}],"about":[{"href":"https:\/\/www.lillegrandpalais.com\/leblog\/wp-json\/wp\/v2\/types\/post"}],"author":[{"embeddable":true,"href":"https:\/\/www.lillegrandpalais.com\/leblog\/wp-json\/wp\/v2\/users\/1"}],"replies":[{"embeddable":true,"href":"https:\/\/www.lillegrandpalais.com\/leblog\/wp-json\/wp\/v2\/comments?post=4857"}],"version-history":[{"count":0,"href":"https:\/\/www.lillegrandpalais.com\/leblog\/wp-json\/wp\/v2\/posts\/4857\/revisions"}],"wp:featuredmedia":[{"embeddable":true,"href":"https:\/\/www.lillegrandpalais.com\/leblog\/wp-json\/"}],"wp:attachment":[{"href":"https:\/\/www.lillegrandpalais.com\/leblog\/wp-json\/wp\/v2\/media?parent=4857"}],"wp:term":[{"taxonomy":"category","embeddable":true,"href":"https:\/\/www.lillegrandpalais.com\/leblog\/wp-json\/wp\/v2\/categories?post=4857"},{"taxonomy":"post_tag","embeddable":true,"href":"https:\/\/www.lillegrandpalais.com\/leblog\/wp-json\/wp\/v2\/tags?post=4857"}],"curies":[{"name":"wp","href":"https:\/\/api.w.org\/{rel}","templated":true}]}}