{"id":4866,"date":"2014-02-21T16:02:07","date_gmt":"2014-02-21T15:02:07","guid":{"rendered":"https:\/\/www.lillegrandpalais.com\/art-up-ou-lart-de-se-reinventer\/"},"modified":"2014-02-21T16:02:07","modified_gmt":"2014-02-21T15:02:07","slug":"art-up-ou-lart-de-se-reinventer","status":"publish","type":"post","link":"https:\/\/www.lillegrandpalais.com\/leblog\/actu\/art-up-ou-lart-de-se-reinventer\/","title":{"rendered":"Art Up ou l\u2019art de se r\u00e9inventer"},"content":{"rendered":"<p><a href=\"https:\/\/www.lillegrandpalais.com\/wp-content\/uploads\/2014\/02\/DSC_2050.jpg\"><img decoding=\"async\" class=\"alignleft  wp-image-12297 lazyload\" title=\"DSC_2050\" data-src=\"https:\/\/www.lillegrandpalais.com\/wp-content\/uploads\/2014\/02\/DSC_2050-678x1024.jpg\" alt=\"\" width=\"308\" height=\"465\" src=\"data:image\/gif;base64,R0lGODlhAQABAAAAACH5BAEKAAEALAAAAAABAAEAAAICTAEAOw==\" style=\"--smush-placeholder-width: 308px; --smush-placeholder-aspect-ratio: 308\/465;\" \/><\/a><\/p>\n<p><strong>La 7\u00e8me \u00e9dition de la foire d\u2019art contemporain, qui a eu lieu du 13 au 16 f\u00e9vrier, a \u00e9t\u00e9 un succ\u00e8s. Pr\u00e8s de 28 000 visiteurs se sont succ\u00e9d\u00e9s pendant 4 jours dans les all\u00e9es de Lille Grand Palais.<\/strong><\/p>\n<p>Avec une croissance de 8% du nombre de visiteurs par rapport \u00e0 2013, Art Up ! a trouv\u00e9 son public.<\/p>\n<p>Un autre objectif \u00e9tait de donner une dimension encore plus internationale \u00e0 la foire. Cette ann\u00e9e, elle aura re\u00e7u 106 galeristes et \u00e9diteurs et plus de 550 artistes. Parmi les galeries pr\u00e9sentes, 29 \u00e9taient \u00e9trang\u00e8res. Objectif atteint!<\/p>\n<p>La foire a \u00e9t\u00e9 pl\u00e9biscit\u00e9e pour la diversit\u00e9 des expressions artistiques et de l\u2019offre propos\u00e9e, la mont\u00e9e en gamme des galeries a \u00e9t\u00e9 appr\u00e9ci\u00e9e, en t\u00e9moigne le nombre d\u2019actes d\u2019achat en hausse de 9%.<\/p>\n<p>L\u2019\u00e9dition 2014 d\u2019 Art Up\u00a0! a tenu ses promesses, elle se positionne au premier rang des foires d\u2019art contemporain en r\u00e9gion.<\/p>\n<p>L\u2019\u00c9quipe d\u2019Art Up\u00a0! vous remercie et vous donne rendez-vous pour la prochaine \u00e9dition qui se tiendra du <strong>12 au 15 f\u00e9vrier 2015<\/strong>\u00a0!<\/p>\n<p>&nbsp;<\/p>\n<p style=\"text-align: center\"><a href=\"https:\/\/www.lillegrandpalais.com\/wp-content\/uploads\/2014\/02\/maxime-dufour-photographies_6844.jpeg\"><img decoding=\"async\" class=\"aligncenter  wp-image-12306 lazyload\" title=\"maxime dufour photographies_6844\" data-src=\"https:\/\/www.lillegrandpalais.com\/wp-content\/uploads\/2014\/02\/maxime-dufour-photographies_6844.jpeg\" alt=\"\" width=\"512\" height=\"342\" src=\"data:image\/gif;base64,R0lGODlhAQABAAAAACH5BAEKAAEALAAAAAABAAEAAAICTAEAOw==\" style=\"--smush-placeholder-width: 512px; --smush-placeholder-aspect-ratio: 512\/342;\" \/><\/a><\/p>\n<p style=\"text-align: center\"><a href=\"https:\/\/www.lillegrandpalais.com\/wp-content\/uploads\/2014\/02\/maxime-dufour-photographies_6830.jpeg\"><img decoding=\"async\" class=\"aligncenter  wp-image-12308 lazyload\" title=\"maxime dufour photographies_6830\" data-src=\"https:\/\/www.lillegrandpalais.com\/wp-content\/uploads\/2014\/02\/maxime-dufour-photographies_6830.jpeg\" alt=\"\" width=\"512\" height=\"342\" src=\"data:image\/gif;base64,R0lGODlhAQABAAAAACH5BAEKAAEALAAAAAABAAEAAAICTAEAOw==\" style=\"--smush-placeholder-width: 512px; --smush-placeholder-aspect-ratio: 512\/342;\" \/><\/a><\/p>\n<p style=\"text-align: center\"><a href=\"https:\/\/www.lillegrandpalais.com\/wp-content\/uploads\/2014\/02\/maxime-dufour-photographies_6799.jpeg\"><img decoding=\"async\" class=\"aligncenter  wp-image-12309 lazyload\" title=\"maxime dufour photographies_6799\" data-src=\"https:\/\/www.lillegrandpalais.com\/wp-content\/uploads\/2014\/02\/maxime-dufour-photographies_6799.jpeg\" alt=\"\" width=\"512\" height=\"342\" src=\"data:image\/gif;base64,R0lGODlhAQABAAAAACH5BAEKAAEALAAAAAABAAEAAAICTAEAOw==\" style=\"--smush-placeholder-width: 512px; --smush-placeholder-aspect-ratio: 512\/342;\" \/><br \/>\n<\/a><a href=\"https:\/\/www.lillegrandpalais.com\/wp-content\/uploads\/2014\/02\/maxime-dufour-photographies_6638.jpeg\"><img decoding=\"async\" class=\"aligncenter  wp-image-12312 lazyload\" title=\"maxime dufour photographies_6638\" data-src=\"https:\/\/www.lillegrandpalais.com\/wp-content\/uploads\/2014\/02\/maxime-dufour-photographies_6638.jpeg\" alt=\"\" width=\"512\" height=\"342\" src=\"data:image\/gif;base64,R0lGODlhAQABAAAAACH5BAEKAAEALAAAAAABAAEAAAICTAEAOw==\" style=\"--smush-placeholder-width: 512px; --smush-placeholder-aspect-ratio: 512\/342;\" \/><\/a><\/p>\n<div><img decoding=\"async\" class=\"aligncenter lazyload\" title=\"maxime dufour photographies_6918\" data-src=\"https:\/\/www.lillegrandpalais.com\/wp-content\/uploads\/2014\/02\/maxime-dufour-photographies_6918.jpeg\" alt=\"\" width=\"246\" height=\"369\" src=\"data:image\/gif;base64,R0lGODlhAQABAAAAACH5BAEKAAEALAAAAAABAAEAAAICTAEAOw==\" style=\"--smush-placeholder-width: 246px; --smush-placeholder-aspect-ratio: 246\/369;\" \/><\/div>\n<div><\/div>\n","protected":false},"excerpt":{"rendered":"<p>La 7\u00e8me \u00e9dition de la foire d\u2019art contemporain, qui a eu lieu du 13 au 16 f\u00e9vrier, a \u00e9t\u00e9 un succ\u00e8s. Pr\u00e8s de 28 000 visiteurs se sont succ\u00e9d\u00e9s pendant 4 jours dans les all\u00e9es de Lille Grand Palais. Avec une croissance de 8% du nombre de visiteurs par rapport \u00e0 2013, Art Up ! [&hellip;]<\/p>\n","protected":false},"author":1,"featured_media":4867,"comment_status":"open","ping_status":"open","sticky":false,"template":"","format":"standard","meta":{"_acf_changed":false,"footnotes":""},"categories":[27],"tags":[321,322,5,16,11],"class_list":["post-4866","post","type-post","status-publish","format-standard","has-post-thumbnail","hentry","category-actu","tag-art-contemporain-art-up","tag-art-up","tag-lille","tag-lille-art-fair","tag-lille-grand-palais"],"acf":[],"yoast_head":"<!-- This site is optimized with the Yoast SEO plugin v27.2 - https:\/\/yoast.com\/product\/yoast-seo-wordpress\/ -->\n<title>Art Up ou l\u2019art de se r\u00e9inventer<\/title>\n<meta name=\"description\" content=\"La 7\u00e8me \u00e9dition de la foire d\u2019art contemporain a \u00e9t\u00e9 un succ\u00e8s. 28 000 visiteurs se sont succ\u00e9d\u00e9s dans les all\u00e9es de Lille Grand Palais.\" \/>\n<meta name=\"robots\" content=\"index, follow, max-snippet:-1, max-image-preview:large, max-video-preview:-1\" \/>\n<link rel=\"canonical\" href=\"https:\/\/www.lillegrandpalais.com\/leblog\/destinationlille\/art-up-ou-lart-de-se-reinventer\/\" \/>\n<meta property=\"og:locale\" content=\"fr_FR\" \/>\n<meta property=\"og:type\" content=\"article\" \/>\n<meta property=\"og:title\" content=\"Art Up ou l\u2019art de se r\u00e9inventer\" \/>\n<meta property=\"og:description\" content=\"La 7\u00e8me \u00e9dition de la foire d\u2019art contemporain a \u00e9t\u00e9 un succ\u00e8s. 28 000 visiteurs se sont succ\u00e9d\u00e9s dans les all\u00e9es de Lille Grand Palais.\" \/>\n<meta property=\"og:url\" content=\"https:\/\/www.lillegrandpalais.com\/leblog\/destinationlille\/art-up-ou-lart-de-se-reinventer\/\" \/>\n<meta property=\"og:site_name\" content=\"Blog\" \/>\n<meta property=\"article:published_time\" content=\"2014-02-21T15:02:07+00:00\" \/>\n<meta name=\"author\" content=\"manuel@14h28.com\" \/>\n<meta name=\"twitter:card\" content=\"summary_large_image\" \/>\n<meta name=\"twitter:label1\" content=\"\u00c9crit par\" \/>\n\t<meta name=\"twitter:data1\" content=\"manuel@14h28.com\" \/>\n\t<meta name=\"twitter:label2\" content=\"Dur\u00e9e de lecture estim\u00e9e\" \/>\n\t<meta name=\"twitter:data2\" content=\"1 minute\" \/>\n<script type=\"application\/ld+json\" class=\"yoast-schema-graph\">{\"@context\":\"https:\/\/schema.org\",\"@graph\":[{\"@type\":\"Article\",\"@id\":\"https:\/\/www.lillegrandpalais.com\/leblog\/destinationlille\/art-up-ou-lart-de-se-reinventer\/#article\",\"isPartOf\":{\"@id\":\"https:\/\/www.lillegrandpalais.com\/leblog\/destinationlille\/art-up-ou-lart-de-se-reinventer\/\"},\"author\":{\"name\":\"manuel@14h28.com\",\"@id\":\"https:\/\/www.lillegrandpalais.com\/leblog\/#\/schema\/person\/ff2adf04c81de654fda702333a9b25c8\"},\"headline\":\"Art Up ou l\u2019art de se r\u00e9inventer\",\"datePublished\":\"2014-02-21T15:02:07+00:00\",\"mainEntityOfPage\":{\"@id\":\"https:\/\/www.lillegrandpalais.com\/leblog\/destinationlille\/art-up-ou-lart-de-se-reinventer\/\"},\"wordCount\":192,\"commentCount\":0,\"image\":{\"@id\":\"https:\/\/www.lillegrandpalais.com\/leblog\/destinationlille\/art-up-ou-lart-de-se-reinventer\/#primaryimage\"},\"thumbnailUrl\":\"\",\"keywords\":[\"art contemporain Art Up!\",\"Art Up !\",\"Lille\",\"Lille Art Fair\",\"lille grand palais\"],\"articleSection\":[\"Actu\"],\"inLanguage\":\"fr-FR\",\"potentialAction\":[{\"@type\":\"CommentAction\",\"name\":\"Comment\",\"target\":[\"https:\/\/www.lillegrandpalais.com\/leblog\/destinationlille\/art-up-ou-lart-de-se-reinventer\/#respond\"]}]},{\"@type\":\"WebPage\",\"@id\":\"https:\/\/www.lillegrandpalais.com\/leblog\/destinationlille\/art-up-ou-lart-de-se-reinventer\/\",\"url\":\"https:\/\/www.lillegrandpalais.com\/leblog\/destinationlille\/art-up-ou-lart-de-se-reinventer\/\",\"name\":\"Art Up ou l\u2019art de se r\u00e9inventer\",\"isPartOf\":{\"@id\":\"https:\/\/www.lillegrandpalais.com\/leblog\/#website\"},\"primaryImageOfPage\":{\"@id\":\"https:\/\/www.lillegrandpalais.com\/leblog\/destinationlille\/art-up-ou-lart-de-se-reinventer\/#primaryimage\"},\"image\":{\"@id\":\"https:\/\/www.lillegrandpalais.com\/leblog\/destinationlille\/art-up-ou-lart-de-se-reinventer\/#primaryimage\"},\"thumbnailUrl\":\"\",\"datePublished\":\"2014-02-21T15:02:07+00:00\",\"author\":{\"@id\":\"https:\/\/www.lillegrandpalais.com\/leblog\/#\/schema\/person\/ff2adf04c81de654fda702333a9b25c8\"},\"description\":\"La 7\u00e8me \u00e9dition de la foire d\u2019art contemporain a \u00e9t\u00e9 un succ\u00e8s. 28 000 visiteurs se sont succ\u00e9d\u00e9s dans les all\u00e9es de Lille Grand Palais.\",\"breadcrumb\":{\"@id\":\"https:\/\/www.lillegrandpalais.com\/leblog\/destinationlille\/art-up-ou-lart-de-se-reinventer\/#breadcrumb\"},\"inLanguage\":\"fr-FR\",\"potentialAction\":[{\"@type\":\"ReadAction\",\"target\":[\"https:\/\/www.lillegrandpalais.com\/leblog\/destinationlille\/art-up-ou-lart-de-se-reinventer\/\"]}]},{\"@type\":\"ImageObject\",\"inLanguage\":\"fr-FR\",\"@id\":\"https:\/\/www.lillegrandpalais.com\/leblog\/destinationlille\/art-up-ou-lart-de-se-reinventer\/#primaryimage\",\"url\":\"\",\"contentUrl\":\"\"},{\"@type\":\"BreadcrumbList\",\"@id\":\"https:\/\/www.lillegrandpalais.com\/leblog\/destinationlille\/art-up-ou-lart-de-se-reinventer\/#breadcrumb\",\"itemListElement\":[{\"@type\":\"ListItem\",\"position\":1,\"name\":\"Accueil\",\"item\":\"https:\/\/www.lillegrandpalais.com\/leblog\/\"},{\"@type\":\"ListItem\",\"position\":2,\"name\":\"Art Up ou l\u2019art de se r\u00e9inv...\"}]},{\"@type\":\"WebSite\",\"@id\":\"https:\/\/www.lillegrandpalais.com\/leblog\/#website\",\"url\":\"https:\/\/www.lillegrandpalais.com\/leblog\/\",\"name\":\"Blog\",\"description\":\"\",\"potentialAction\":[{\"@type\":\"SearchAction\",\"target\":{\"@type\":\"EntryPoint\",\"urlTemplate\":\"https:\/\/www.lillegrandpalais.com\/leblog\/?s={search_term_string}\"},\"query-input\":{\"@type\":\"PropertyValueSpecification\",\"valueRequired\":true,\"valueName\":\"search_term_string\"}}],\"inLanguage\":\"fr-FR\"},{\"@type\":\"Person\",\"@id\":\"https:\/\/www.lillegrandpalais.com\/leblog\/#\/schema\/person\/ff2adf04c81de654fda702333a9b25c8\",\"name\":\"manuel@14h28.com\",\"image\":{\"@type\":\"ImageObject\",\"inLanguage\":\"fr-FR\",\"@id\":\"https:\/\/secure.gravatar.com\/avatar\/2dda1fcf8bd5402d886ab633ea18a694b68c81ac7d92d0c31950634de1c4972a?s=96&d=mm&r=g\",\"url\":\"https:\/\/secure.gravatar.com\/avatar\/2dda1fcf8bd5402d886ab633ea18a694b68c81ac7d92d0c31950634de1c4972a?s=96&d=mm&r=g\",\"contentUrl\":\"https:\/\/secure.gravatar.com\/avatar\/2dda1fcf8bd5402d886ab633ea18a694b68c81ac7d92d0c31950634de1c4972a?s=96&d=mm&r=g\",\"caption\":\"manuel@14h28.com\"},\"sameAs\":[\"https:\/\/www.lillegrandpalais.com\"],\"url\":\"https:\/\/www.lillegrandpalais.com\/leblog\/author\/manuel14h28-com\/\"}]}<\/script>\n<!-- \/ Yoast SEO plugin. -->","yoast_head_json":{"title":"Art Up ou l\u2019art de se r\u00e9inventer","description":"La 7\u00e8me \u00e9dition de la foire d\u2019art contemporain a \u00e9t\u00e9 un succ\u00e8s. 28 000 visiteurs se sont succ\u00e9d\u00e9s dans les all\u00e9es de Lille Grand Palais.","robots":{"index":"index","follow":"follow","max-snippet":"max-snippet:-1","max-image-preview":"max-image-preview:large","max-video-preview":"max-video-preview:-1"},"canonical":"https:\/\/www.lillegrandpalais.com\/leblog\/destinationlille\/art-up-ou-lart-de-se-reinventer\/","og_locale":"fr_FR","og_type":"article","og_title":"Art Up ou l\u2019art de se r\u00e9inventer","og_description":"La 7\u00e8me \u00e9dition de la foire d\u2019art contemporain a \u00e9t\u00e9 un succ\u00e8s. 28 000 visiteurs se sont succ\u00e9d\u00e9s dans les all\u00e9es de Lille Grand Palais.","og_url":"https:\/\/www.lillegrandpalais.com\/leblog\/destinationlille\/art-up-ou-lart-de-se-reinventer\/","og_site_name":"Blog","article_published_time":"2014-02-21T15:02:07+00:00","author":"manuel@14h28.com","twitter_card":"summary_large_image","twitter_misc":{"\u00c9crit par":"manuel@14h28.com","Dur\u00e9e de lecture estim\u00e9e":"1 minute"},"schema":{"@context":"https:\/\/schema.org","@graph":[{"@type":"Article","@id":"https:\/\/www.lillegrandpalais.com\/leblog\/destinationlille\/art-up-ou-lart-de-se-reinventer\/#article","isPartOf":{"@id":"https:\/\/www.lillegrandpalais.com\/leblog\/destinationlille\/art-up-ou-lart-de-se-reinventer\/"},"author":{"name":"manuel@14h28.com","@id":"https:\/\/www.lillegrandpalais.com\/leblog\/#\/schema\/person\/ff2adf04c81de654fda702333a9b25c8"},"headline":"Art Up ou l\u2019art de se r\u00e9inventer","datePublished":"2014-02-21T15:02:07+00:00","mainEntityOfPage":{"@id":"https:\/\/www.lillegrandpalais.com\/leblog\/destinationlille\/art-up-ou-lart-de-se-reinventer\/"},"wordCount":192,"commentCount":0,"image":{"@id":"https:\/\/www.lillegrandpalais.com\/leblog\/destinationlille\/art-up-ou-lart-de-se-reinventer\/#primaryimage"},"thumbnailUrl":"","keywords":["art contemporain Art Up!","Art Up !","Lille","Lille Art Fair","lille grand palais"],"articleSection":["Actu"],"inLanguage":"fr-FR","potentialAction":[{"@type":"CommentAction","name":"Comment","target":["https:\/\/www.lillegrandpalais.com\/leblog\/destinationlille\/art-up-ou-lart-de-se-reinventer\/#respond"]}]},{"@type":"WebPage","@id":"https:\/\/www.lillegrandpalais.com\/leblog\/destinationlille\/art-up-ou-lart-de-se-reinventer\/","url":"https:\/\/www.lillegrandpalais.com\/leblog\/destinationlille\/art-up-ou-lart-de-se-reinventer\/","name":"Art Up ou l\u2019art de se r\u00e9inventer","isPartOf":{"@id":"https:\/\/www.lillegrandpalais.com\/leblog\/#website"},"primaryImageOfPage":{"@id":"https:\/\/www.lillegrandpalais.com\/leblog\/destinationlille\/art-up-ou-lart-de-se-reinventer\/#primaryimage"},"image":{"@id":"https:\/\/www.lillegrandpalais.com\/leblog\/destinationlille\/art-up-ou-lart-de-se-reinventer\/#primaryimage"},"thumbnailUrl":"","datePublished":"2014-02-21T15:02:07+00:00","author":{"@id":"https:\/\/www.lillegrandpalais.com\/leblog\/#\/schema\/person\/ff2adf04c81de654fda702333a9b25c8"},"description":"La 7\u00e8me \u00e9dition de la foire d\u2019art contemporain a \u00e9t\u00e9 un succ\u00e8s. 28 000 visiteurs se sont succ\u00e9d\u00e9s dans les all\u00e9es de Lille Grand Palais.","breadcrumb":{"@id":"https:\/\/www.lillegrandpalais.com\/leblog\/destinationlille\/art-up-ou-lart-de-se-reinventer\/#breadcrumb"},"inLanguage":"fr-FR","potentialAction":[{"@type":"ReadAction","target":["https:\/\/www.lillegrandpalais.com\/leblog\/destinationlille\/art-up-ou-lart-de-se-reinventer\/"]}]},{"@type":"ImageObject","inLanguage":"fr-FR","@id":"https:\/\/www.lillegrandpalais.com\/leblog\/destinationlille\/art-up-ou-lart-de-se-reinventer\/#primaryimage","url":"","contentUrl":""},{"@type":"BreadcrumbList","@id":"https:\/\/www.lillegrandpalais.com\/leblog\/destinationlille\/art-up-ou-lart-de-se-reinventer\/#breadcrumb","itemListElement":[{"@type":"ListItem","position":1,"name":"Accueil","item":"https:\/\/www.lillegrandpalais.com\/leblog\/"},{"@type":"ListItem","position":2,"name":"Art Up ou l\u2019art de se r\u00e9inv..."}]},{"@type":"WebSite","@id":"https:\/\/www.lillegrandpalais.com\/leblog\/#website","url":"https:\/\/www.lillegrandpalais.com\/leblog\/","name":"Blog","description":"","potentialAction":[{"@type":"SearchAction","target":{"@type":"EntryPoint","urlTemplate":"https:\/\/www.lillegrandpalais.com\/leblog\/?s={search_term_string}"},"query-input":{"@type":"PropertyValueSpecification","valueRequired":true,"valueName":"search_term_string"}}],"inLanguage":"fr-FR"},{"@type":"Person","@id":"https:\/\/www.lillegrandpalais.com\/leblog\/#\/schema\/person\/ff2adf04c81de654fda702333a9b25c8","name":"manuel@14h28.com","image":{"@type":"ImageObject","inLanguage":"fr-FR","@id":"https:\/\/secure.gravatar.com\/avatar\/2dda1fcf8bd5402d886ab633ea18a694b68c81ac7d92d0c31950634de1c4972a?s=96&d=mm&r=g","url":"https:\/\/secure.gravatar.com\/avatar\/2dda1fcf8bd5402d886ab633ea18a694b68c81ac7d92d0c31950634de1c4972a?s=96&d=mm&r=g","contentUrl":"https:\/\/secure.gravatar.com\/avatar\/2dda1fcf8bd5402d886ab633ea18a694b68c81ac7d92d0c31950634de1c4972a?s=96&d=mm&r=g","caption":"manuel@14h28.com"},"sameAs":["https:\/\/www.lillegrandpalais.com"],"url":"https:\/\/www.lillegrandpalais.com\/leblog\/author\/manuel14h28-com\/"}]}},"_links":{"self":[{"href":"https:\/\/www.lillegrandpalais.com\/leblog\/wp-json\/wp\/v2\/posts\/4866","targetHints":{"allow":["GET"]}}],"collection":[{"href":"https:\/\/www.lillegrandpalais.com\/leblog\/wp-json\/wp\/v2\/posts"}],"about":[{"href":"https:\/\/www.lillegrandpalais.com\/leblog\/wp-json\/wp\/v2\/types\/post"}],"author":[{"embeddable":true,"href":"https:\/\/www.lillegrandpalais.com\/leblog\/wp-json\/wp\/v2\/users\/1"}],"replies":[{"embeddable":true,"href":"https:\/\/www.lillegrandpalais.com\/leblog\/wp-json\/wp\/v2\/comments?post=4866"}],"version-history":[{"count":0,"href":"https:\/\/www.lillegrandpalais.com\/leblog\/wp-json\/wp\/v2\/posts\/4866\/revisions"}],"wp:featuredmedia":[{"embeddable":true,"href":"https:\/\/www.lillegrandpalais.com\/leblog\/wp-json\/"}],"wp:attachment":[{"href":"https:\/\/www.lillegrandpalais.com\/leblog\/wp-json\/wp\/v2\/media?parent=4866"}],"wp:term":[{"taxonomy":"category","embeddable":true,"href":"https:\/\/www.lillegrandpalais.com\/leblog\/wp-json\/wp\/v2\/categories?post=4866"},{"taxonomy":"post_tag","embeddable":true,"href":"https:\/\/www.lillegrandpalais.com\/leblog\/wp-json\/wp\/v2\/tags?post=4866"}],"curies":[{"name":"wp","href":"https:\/\/api.w.org\/{rel}","templated":true}]}}