{"id":4875,"date":"2014-02-13T16:08:24","date_gmt":"2014-02-13T15:08:24","guid":{"rendered":"https:\/\/www.lillegrandpalais.com\/retour-en-images-soins-palliatifs-vivre-la-maladie-autrement\/"},"modified":"2014-02-13T16:08:24","modified_gmt":"2014-02-13T15:08:24","slug":"retour-en-images-soins-palliatifs-vivre-la-maladie-autrement","status":"publish","type":"post","link":"https:\/\/www.lillegrandpalais.com\/leblog\/actu\/retour-en-images-soins-palliatifs-vivre-la-maladie-autrement\/","title":{"rendered":"Retour en images : \u00ab\u00a0Soins palliatifs : vivre la maladie autrement\u00a0\u00bb"},"content":{"rendered":"<p><strong>Retour sur la soir\u00e9e sant\u00e9 \u00ab\u00a0Soins palliatifs : vivre la maladie autrement\u00a0\u00bb organis\u00e9e par Lille Grand Palais et avec la parrainage de M comme Mutuelle qui a eu lieu mardi 11 f\u00e9vrier 2014.<\/strong><br \/>\nUne conf\u00e9rence interactive avec de grands professionnels de sant\u00e9, notamment le Pr Didier De Broucker, Vice-Doyen de la Facult\u00e9 Libre de M\u00e9decine, Chef de Service \u00e0 l&rsquo;Unit\u00e9 de Soins Palliatifs de l&rsquo;H\u00f4pital St Vincent de Paul \u00e0 Lille, le Pr Serge Blond, PU-PH de Neurochirurgie, Directeur du Centre d&rsquo;Evaluation et de Traitement de la Douleur au CHRU de Lille, le Dr Henri Delbecque, Pr\u00e9sident d&rsquo;honneur et Fondateur de la Coordination R\u00e9gionale de Soins Palliatifs du Nord-Pas de Calais et Patricia Thyrion, Directrice du R\u00e9seau de Sant\u00e9 AMAVI.<\/p>\n<address>A noter que la prochaine soir\u00e9e sant\u00e9 a pour th\u00e8me : Parkinson, les traitements de demain, mardi 8 avril 2014 . Inscription sur <a title=\"Soir\u00e9e sant\u00e9\" href=\"http:\/\/www.soiree-sante.com\" target=\"_blank\" rel=\"noopener noreferrer\">www.soiree-sante.com<\/a><\/address>\n","protected":false},"excerpt":{"rendered":"<p>Retour sur la soir\u00e9e sant\u00e9 \u00ab\u00a0Soins palliatifs : vivre la maladie autrement\u00a0\u00bb organis\u00e9e par Lille Grand Palais et avec la parrainage de M comme Mutuelle qui a eu lieu mardi 11 f\u00e9vrier 2014. Une conf\u00e9rence interactive avec de grands professionnels de sant\u00e9, notamment le Pr Didier De Broucker, Vice-Doyen de la Facult\u00e9 Libre de M\u00e9decine, [&hellip;]<\/p>\n","protected":false},"author":1,"featured_media":4876,"comment_status":"open","ping_status":"open","sticky":false,"template":"","format":"standard","meta":{"_acf_changed":false,"footnotes":""},"categories":[27],"tags":[324,325],"class_list":["post-4875","post","type-post","status-publish","format-standard","has-post-thumbnail","hentry","category-actu","tag-parkinson","tag-soins-palliatifs"],"acf":[],"yoast_head":"<!-- This site is optimized with the Yoast SEO plugin v27.2 - https:\/\/yoast.com\/product\/yoast-seo-wordpress\/ -->\n<title>Retour en images : Soins palliatifs : vivre la maladie autrement<\/title>\n<meta name=\"description\" content=\"Retour sur la soir\u00e9e sant\u00e9 &quot;Soins palliatifs : vivre la maladie autrement&quot; organis\u00e9e par Lille Grand Palais et avec la parrainage de M comme Mutuelle qui a eu lieu mardi 11 f\u00e9vrier 2014.\" \/>\n<meta name=\"robots\" content=\"index, follow, max-snippet:-1, max-image-preview:large, max-video-preview:-1\" \/>\n<link rel=\"canonical\" href=\"https:\/\/www.lillegrandpalais.com\/leblog\/au-coeur-de-levenement\/retour-en-images-soins-palliatifs-vivre-la-maladie-autrement\/\" \/>\n<meta property=\"og:locale\" content=\"fr_FR\" \/>\n<meta property=\"og:type\" content=\"article\" \/>\n<meta property=\"og:title\" content=\"Retour en images : Soins palliatifs : vivre la maladie autrement\" \/>\n<meta property=\"og:description\" content=\"Retour sur la soir\u00e9e sant\u00e9 &quot;Soins palliatifs : vivre la maladie autrement&quot; organis\u00e9e par Lille Grand Palais et avec la parrainage de M comme Mutuelle qui a eu lieu mardi 11 f\u00e9vrier 2014.\" \/>\n<meta property=\"og:url\" content=\"https:\/\/www.lillegrandpalais.com\/leblog\/au-coeur-de-levenement\/retour-en-images-soins-palliatifs-vivre-la-maladie-autrement\/\" \/>\n<meta property=\"og:site_name\" content=\"Blog\" \/>\n<meta property=\"article:published_time\" content=\"2014-02-13T15:08:24+00:00\" \/>\n<meta name=\"author\" content=\"manuel@14h28.com\" \/>\n<meta name=\"twitter:card\" content=\"summary_large_image\" \/>\n<meta name=\"twitter:label1\" content=\"\u00c9crit par\" \/>\n\t<meta name=\"twitter:data1\" content=\"manuel@14h28.com\" \/>\n\t<meta name=\"twitter:label2\" content=\"Dur\u00e9e de lecture estim\u00e9e\" \/>\n\t<meta name=\"twitter:data2\" content=\"1 minute\" \/>\n<script type=\"application\/ld+json\" class=\"yoast-schema-graph\">{\"@context\":\"https:\/\/schema.org\",\"@graph\":[{\"@type\":\"Article\",\"@id\":\"https:\/\/www.lillegrandpalais.com\/leblog\/au-coeur-de-levenement\/retour-en-images-soins-palliatifs-vivre-la-maladie-autrement\/#article\",\"isPartOf\":{\"@id\":\"https:\/\/www.lillegrandpalais.com\/leblog\/au-coeur-de-levenement\/retour-en-images-soins-palliatifs-vivre-la-maladie-autrement\/\"},\"author\":{\"name\":\"manuel@14h28.com\",\"@id\":\"https:\/\/www.lillegrandpalais.com\/leblog\/#\/schema\/person\/ff2adf04c81de654fda702333a9b25c8\"},\"headline\":\"Retour en images : \u00ab\u00a0Soins palliatifs : vivre la maladie autrement\u00a0\u00bb\",\"datePublished\":\"2014-02-13T15:08:24+00:00\",\"mainEntityOfPage\":{\"@id\":\"https:\/\/www.lillegrandpalais.com\/leblog\/au-coeur-de-levenement\/retour-en-images-soins-palliatifs-vivre-la-maladie-autrement\/\"},\"wordCount\":161,\"commentCount\":0,\"image\":{\"@id\":\"https:\/\/www.lillegrandpalais.com\/leblog\/au-coeur-de-levenement\/retour-en-images-soins-palliatifs-vivre-la-maladie-autrement\/#primaryimage\"},\"thumbnailUrl\":\"\",\"keywords\":[\"parkinson\",\"soins palliatifs\"],\"articleSection\":[\"Actu\"],\"inLanguage\":\"fr-FR\",\"potentialAction\":[{\"@type\":\"CommentAction\",\"name\":\"Comment\",\"target\":[\"https:\/\/www.lillegrandpalais.com\/leblog\/au-coeur-de-levenement\/retour-en-images-soins-palliatifs-vivre-la-maladie-autrement\/#respond\"]}]},{\"@type\":\"WebPage\",\"@id\":\"https:\/\/www.lillegrandpalais.com\/leblog\/au-coeur-de-levenement\/retour-en-images-soins-palliatifs-vivre-la-maladie-autrement\/\",\"url\":\"https:\/\/www.lillegrandpalais.com\/leblog\/au-coeur-de-levenement\/retour-en-images-soins-palliatifs-vivre-la-maladie-autrement\/\",\"name\":\"Retour en images : Soins palliatifs : vivre la maladie autrement\",\"isPartOf\":{\"@id\":\"https:\/\/www.lillegrandpalais.com\/leblog\/#website\"},\"primaryImageOfPage\":{\"@id\":\"https:\/\/www.lillegrandpalais.com\/leblog\/au-coeur-de-levenement\/retour-en-images-soins-palliatifs-vivre-la-maladie-autrement\/#primaryimage\"},\"image\":{\"@id\":\"https:\/\/www.lillegrandpalais.com\/leblog\/au-coeur-de-levenement\/retour-en-images-soins-palliatifs-vivre-la-maladie-autrement\/#primaryimage\"},\"thumbnailUrl\":\"\",\"datePublished\":\"2014-02-13T15:08:24+00:00\",\"author\":{\"@id\":\"https:\/\/www.lillegrandpalais.com\/leblog\/#\/schema\/person\/ff2adf04c81de654fda702333a9b25c8\"},\"description\":\"Retour sur la soir\u00e9e sant\u00e9 \\\"Soins palliatifs : vivre la maladie autrement\\\" organis\u00e9e par Lille Grand Palais et avec la parrainage de M comme Mutuelle qui a eu lieu mardi 11 f\u00e9vrier 2014.\",\"breadcrumb\":{\"@id\":\"https:\/\/www.lillegrandpalais.com\/leblog\/au-coeur-de-levenement\/retour-en-images-soins-palliatifs-vivre-la-maladie-autrement\/#breadcrumb\"},\"inLanguage\":\"fr-FR\",\"potentialAction\":[{\"@type\":\"ReadAction\",\"target\":[\"https:\/\/www.lillegrandpalais.com\/leblog\/au-coeur-de-levenement\/retour-en-images-soins-palliatifs-vivre-la-maladie-autrement\/\"]}]},{\"@type\":\"ImageObject\",\"inLanguage\":\"fr-FR\",\"@id\":\"https:\/\/www.lillegrandpalais.com\/leblog\/au-coeur-de-levenement\/retour-en-images-soins-palliatifs-vivre-la-maladie-autrement\/#primaryimage\",\"url\":\"\",\"contentUrl\":\"\"},{\"@type\":\"BreadcrumbList\",\"@id\":\"https:\/\/www.lillegrandpalais.com\/leblog\/au-coeur-de-levenement\/retour-en-images-soins-palliatifs-vivre-la-maladie-autrement\/#breadcrumb\",\"itemListElement\":[{\"@type\":\"ListItem\",\"position\":1,\"name\":\"Accueil\",\"item\":\"https:\/\/www.lillegrandpalais.com\/leblog\/\"},{\"@type\":\"ListItem\",\"position\":2,\"name\":\"Retour en images : \u00ab\u00a0Soins p...\"}]},{\"@type\":\"WebSite\",\"@id\":\"https:\/\/www.lillegrandpalais.com\/leblog\/#website\",\"url\":\"https:\/\/www.lillegrandpalais.com\/leblog\/\",\"name\":\"Blog\",\"description\":\"\",\"potentialAction\":[{\"@type\":\"SearchAction\",\"target\":{\"@type\":\"EntryPoint\",\"urlTemplate\":\"https:\/\/www.lillegrandpalais.com\/leblog\/?s={search_term_string}\"},\"query-input\":{\"@type\":\"PropertyValueSpecification\",\"valueRequired\":true,\"valueName\":\"search_term_string\"}}],\"inLanguage\":\"fr-FR\"},{\"@type\":\"Person\",\"@id\":\"https:\/\/www.lillegrandpalais.com\/leblog\/#\/schema\/person\/ff2adf04c81de654fda702333a9b25c8\",\"name\":\"manuel@14h28.com\",\"image\":{\"@type\":\"ImageObject\",\"inLanguage\":\"fr-FR\",\"@id\":\"https:\/\/secure.gravatar.com\/avatar\/2dda1fcf8bd5402d886ab633ea18a694b68c81ac7d92d0c31950634de1c4972a?s=96&d=mm&r=g\",\"url\":\"https:\/\/secure.gravatar.com\/avatar\/2dda1fcf8bd5402d886ab633ea18a694b68c81ac7d92d0c31950634de1c4972a?s=96&d=mm&r=g\",\"contentUrl\":\"https:\/\/secure.gravatar.com\/avatar\/2dda1fcf8bd5402d886ab633ea18a694b68c81ac7d92d0c31950634de1c4972a?s=96&d=mm&r=g\",\"caption\":\"manuel@14h28.com\"},\"sameAs\":[\"https:\/\/www.lillegrandpalais.com\"],\"url\":\"https:\/\/www.lillegrandpalais.com\/leblog\/author\/manuel14h28-com\/\"}]}<\/script>\n<!-- \/ Yoast SEO plugin. -->","yoast_head_json":{"title":"Retour en images : Soins palliatifs : vivre la maladie autrement","description":"Retour sur la soir\u00e9e sant\u00e9 \"Soins palliatifs : vivre la maladie autrement\" organis\u00e9e par Lille Grand Palais et avec la parrainage de M comme Mutuelle qui a eu lieu mardi 11 f\u00e9vrier 2014.","robots":{"index":"index","follow":"follow","max-snippet":"max-snippet:-1","max-image-preview":"max-image-preview:large","max-video-preview":"max-video-preview:-1"},"canonical":"https:\/\/www.lillegrandpalais.com\/leblog\/au-coeur-de-levenement\/retour-en-images-soins-palliatifs-vivre-la-maladie-autrement\/","og_locale":"fr_FR","og_type":"article","og_title":"Retour en images : Soins palliatifs : vivre la maladie autrement","og_description":"Retour sur la soir\u00e9e sant\u00e9 \"Soins palliatifs : vivre la maladie autrement\" organis\u00e9e par Lille Grand Palais et avec la parrainage de M comme Mutuelle qui a eu lieu mardi 11 f\u00e9vrier 2014.","og_url":"https:\/\/www.lillegrandpalais.com\/leblog\/au-coeur-de-levenement\/retour-en-images-soins-palliatifs-vivre-la-maladie-autrement\/","og_site_name":"Blog","article_published_time":"2014-02-13T15:08:24+00:00","author":"manuel@14h28.com","twitter_card":"summary_large_image","twitter_misc":{"\u00c9crit par":"manuel@14h28.com","Dur\u00e9e de lecture estim\u00e9e":"1 minute"},"schema":{"@context":"https:\/\/schema.org","@graph":[{"@type":"Article","@id":"https:\/\/www.lillegrandpalais.com\/leblog\/au-coeur-de-levenement\/retour-en-images-soins-palliatifs-vivre-la-maladie-autrement\/#article","isPartOf":{"@id":"https:\/\/www.lillegrandpalais.com\/leblog\/au-coeur-de-levenement\/retour-en-images-soins-palliatifs-vivre-la-maladie-autrement\/"},"author":{"name":"manuel@14h28.com","@id":"https:\/\/www.lillegrandpalais.com\/leblog\/#\/schema\/person\/ff2adf04c81de654fda702333a9b25c8"},"headline":"Retour en images : \u00ab\u00a0Soins palliatifs : vivre la maladie autrement\u00a0\u00bb","datePublished":"2014-02-13T15:08:24+00:00","mainEntityOfPage":{"@id":"https:\/\/www.lillegrandpalais.com\/leblog\/au-coeur-de-levenement\/retour-en-images-soins-palliatifs-vivre-la-maladie-autrement\/"},"wordCount":161,"commentCount":0,"image":{"@id":"https:\/\/www.lillegrandpalais.com\/leblog\/au-coeur-de-levenement\/retour-en-images-soins-palliatifs-vivre-la-maladie-autrement\/#primaryimage"},"thumbnailUrl":"","keywords":["parkinson","soins palliatifs"],"articleSection":["Actu"],"inLanguage":"fr-FR","potentialAction":[{"@type":"CommentAction","name":"Comment","target":["https:\/\/www.lillegrandpalais.com\/leblog\/au-coeur-de-levenement\/retour-en-images-soins-palliatifs-vivre-la-maladie-autrement\/#respond"]}]},{"@type":"WebPage","@id":"https:\/\/www.lillegrandpalais.com\/leblog\/au-coeur-de-levenement\/retour-en-images-soins-palliatifs-vivre-la-maladie-autrement\/","url":"https:\/\/www.lillegrandpalais.com\/leblog\/au-coeur-de-levenement\/retour-en-images-soins-palliatifs-vivre-la-maladie-autrement\/","name":"Retour en images : Soins palliatifs : vivre la maladie autrement","isPartOf":{"@id":"https:\/\/www.lillegrandpalais.com\/leblog\/#website"},"primaryImageOfPage":{"@id":"https:\/\/www.lillegrandpalais.com\/leblog\/au-coeur-de-levenement\/retour-en-images-soins-palliatifs-vivre-la-maladie-autrement\/#primaryimage"},"image":{"@id":"https:\/\/www.lillegrandpalais.com\/leblog\/au-coeur-de-levenement\/retour-en-images-soins-palliatifs-vivre-la-maladie-autrement\/#primaryimage"},"thumbnailUrl":"","datePublished":"2014-02-13T15:08:24+00:00","author":{"@id":"https:\/\/www.lillegrandpalais.com\/leblog\/#\/schema\/person\/ff2adf04c81de654fda702333a9b25c8"},"description":"Retour sur la soir\u00e9e sant\u00e9 \"Soins palliatifs : vivre la maladie autrement\" organis\u00e9e par Lille Grand Palais et avec la parrainage de M comme Mutuelle qui a eu lieu mardi 11 f\u00e9vrier 2014.","breadcrumb":{"@id":"https:\/\/www.lillegrandpalais.com\/leblog\/au-coeur-de-levenement\/retour-en-images-soins-palliatifs-vivre-la-maladie-autrement\/#breadcrumb"},"inLanguage":"fr-FR","potentialAction":[{"@type":"ReadAction","target":["https:\/\/www.lillegrandpalais.com\/leblog\/au-coeur-de-levenement\/retour-en-images-soins-palliatifs-vivre-la-maladie-autrement\/"]}]},{"@type":"ImageObject","inLanguage":"fr-FR","@id":"https:\/\/www.lillegrandpalais.com\/leblog\/au-coeur-de-levenement\/retour-en-images-soins-palliatifs-vivre-la-maladie-autrement\/#primaryimage","url":"","contentUrl":""},{"@type":"BreadcrumbList","@id":"https:\/\/www.lillegrandpalais.com\/leblog\/au-coeur-de-levenement\/retour-en-images-soins-palliatifs-vivre-la-maladie-autrement\/#breadcrumb","itemListElement":[{"@type":"ListItem","position":1,"name":"Accueil","item":"https:\/\/www.lillegrandpalais.com\/leblog\/"},{"@type":"ListItem","position":2,"name":"Retour en images : \u00ab\u00a0Soins p..."}]},{"@type":"WebSite","@id":"https:\/\/www.lillegrandpalais.com\/leblog\/#website","url":"https:\/\/www.lillegrandpalais.com\/leblog\/","name":"Blog","description":"","potentialAction":[{"@type":"SearchAction","target":{"@type":"EntryPoint","urlTemplate":"https:\/\/www.lillegrandpalais.com\/leblog\/?s={search_term_string}"},"query-input":{"@type":"PropertyValueSpecification","valueRequired":true,"valueName":"search_term_string"}}],"inLanguage":"fr-FR"},{"@type":"Person","@id":"https:\/\/www.lillegrandpalais.com\/leblog\/#\/schema\/person\/ff2adf04c81de654fda702333a9b25c8","name":"manuel@14h28.com","image":{"@type":"ImageObject","inLanguage":"fr-FR","@id":"https:\/\/secure.gravatar.com\/avatar\/2dda1fcf8bd5402d886ab633ea18a694b68c81ac7d92d0c31950634de1c4972a?s=96&d=mm&r=g","url":"https:\/\/secure.gravatar.com\/avatar\/2dda1fcf8bd5402d886ab633ea18a694b68c81ac7d92d0c31950634de1c4972a?s=96&d=mm&r=g","contentUrl":"https:\/\/secure.gravatar.com\/avatar\/2dda1fcf8bd5402d886ab633ea18a694b68c81ac7d92d0c31950634de1c4972a?s=96&d=mm&r=g","caption":"manuel@14h28.com"},"sameAs":["https:\/\/www.lillegrandpalais.com"],"url":"https:\/\/www.lillegrandpalais.com\/leblog\/author\/manuel14h28-com\/"}]}},"_links":{"self":[{"href":"https:\/\/www.lillegrandpalais.com\/leblog\/wp-json\/wp\/v2\/posts\/4875","targetHints":{"allow":["GET"]}}],"collection":[{"href":"https:\/\/www.lillegrandpalais.com\/leblog\/wp-json\/wp\/v2\/posts"}],"about":[{"href":"https:\/\/www.lillegrandpalais.com\/leblog\/wp-json\/wp\/v2\/types\/post"}],"author":[{"embeddable":true,"href":"https:\/\/www.lillegrandpalais.com\/leblog\/wp-json\/wp\/v2\/users\/1"}],"replies":[{"embeddable":true,"href":"https:\/\/www.lillegrandpalais.com\/leblog\/wp-json\/wp\/v2\/comments?post=4875"}],"version-history":[{"count":0,"href":"https:\/\/www.lillegrandpalais.com\/leblog\/wp-json\/wp\/v2\/posts\/4875\/revisions"}],"wp:featuredmedia":[{"embeddable":true,"href":"https:\/\/www.lillegrandpalais.com\/leblog\/wp-json\/"}],"wp:attachment":[{"href":"https:\/\/www.lillegrandpalais.com\/leblog\/wp-json\/wp\/v2\/media?parent=4875"}],"wp:term":[{"taxonomy":"category","embeddable":true,"href":"https:\/\/www.lillegrandpalais.com\/leblog\/wp-json\/wp\/v2\/categories?post=4875"},{"taxonomy":"post_tag","embeddable":true,"href":"https:\/\/www.lillegrandpalais.com\/leblog\/wp-json\/wp\/v2\/tags?post=4875"}],"curies":[{"name":"wp","href":"https:\/\/api.w.org\/{rel}","templated":true}]}}