{"id":4917,"date":"2013-12-10T14:40:51","date_gmt":"2013-12-10T13:40:51","guid":{"rendered":"https:\/\/www.lillegrandpalais.com\/linstitut-pasteur-de-lille-organise-sa-100eme-conference-a-lille-grand-palais\/"},"modified":"2013-12-10T14:40:51","modified_gmt":"2013-12-10T13:40:51","slug":"linstitut-pasteur-de-lille-organise-sa-100eme-conference-a-lille-grand-palais","status":"publish","type":"post","link":"https:\/\/www.lillegrandpalais.com\/leblog\/actu\/linstitut-pasteur-de-lille-organise-sa-100eme-conference-a-lille-grand-palais\/","title":{"rendered":"L&rsquo;Institut Pasteur de Lille organise sa 100eme conf\u00e9rence \u00e0 Lille Grand Palais"},"content":{"rendered":"<p><strong>A l&rsquo;occasion de la 100e \u00e9dition des conf\u00e9rences 5 \u00e0 7, l&rsquo;Institut Pasteur de Lille investit Lille Grand Palais pour organiser sa conf\u00e9rence sant\u00e9 grand public sur le th\u00e8me de l&rsquo;Accident Vasculaire C\u00e9r\u00e9bral (AVC).<\/strong><\/p>\n<p>Un mardi par mois, de 17h \u00e0 19h, une conf\u00e9rence ouverte \u00e0 tous est organis\u00e9e par l&rsquo;<a href=\"https:\/\/www.lillegrandpalais.com\/leblog\/lille-grand-palais-mecene\/\" target=\"_blank\" rel=\"noopener noreferrer\">Institut Pasteur de Lille<\/a> afin d&rsquo;informer le grand public sur un th\u00e8me de <a href=\"https:\/\/www.lillegrandpalais.com\/leblog\/la-sante-au-coeur-de-lille-grand-palais\/\" target=\"_blank\" rel=\"noopener noreferrer\">sant\u00e9<\/a>.<\/p>\n<p>Pour la 100\u00e8me conf\u00e9rence, <strong>\u00ab\u00a0Accident Vasculaire C\u00e9r\u00e9bral : le temps compte\u00a0\u00bb<\/strong>, l&rsquo;Institut a choisi Lille Grand Palais. Ce mardi 10 d\u00e9cembre \u00e0 18h, vous retrouverez autour du journaliste scientifique <strong>Paul Becquart<\/strong> :<\/p>\n<ul>\n<li><strong>Philippe Amouyel<\/strong>, Professeur de Sant\u00e9 Publique, Directeur de l&rsquo;unit\u00e9 744 Inserm &#8211; Universit\u00e9 de Lille 2 &#8211; <a href=\"http:\/\/www.pasteur-lille.fr\/5a7\/\" target=\"_blank\" rel=\"noopener noreferrer\">Institut Pasteur de Lille<\/a>,<\/li>\n<li><strong>Didier Leys<\/strong>, Professeur de neurologie, chef du service de neurologie et de pathologie neurovasculaire \u00e0 l&rsquo;h\u00f4pital Roger Salengro \u00e0 Lille<\/li>\n<li>et <strong>Henri De Riemaecker<\/strong>, de l&rsquo;association de patients France AVC 59\/62 Louis Hardy<\/li>\n<\/ul>\n<p>&nbsp;<\/p>\n<p><span style=\"font-size: 13px;line-height: 19px\">L&rsquo;accident vasculaire c\u00e9r\u00e9bral touche pr\u00e8s de 12 000 personnes par an dans la r\u00e9gion Nord-Pas-de-Calais.\u00a0<\/span>En France, c&rsquo;est la premi\u00e8re cause de handicap physique acquis de l&rsquo;adulte, la deuxi\u00e8me cause de d\u00e9mence et la premi\u00e8re cause de mortalit\u00e9 chez la femme. En somme, une maladie cons\u00e9quente et grave.<\/p>\n<p>Lorsque l&rsquo;AVC survient, chaque minute compte car il va falloir agir extr\u00eamement vite pour en limiter les s\u00e9quelles. Une faiblesse musculaire, un engourdissement du visage ou d&rsquo;un membre, des troubles visuels, une difficult\u00e9 \u00e0 articuler correctement ou \u00e0 comprendre, qui se manifeste brutalement ? Il faut appeler le 15, dans la mesure o\u00f9 l&rsquo;AVC est une urgence vitale que l&rsquo;on peut traiter si elle est prise \u00e0 temps.<\/p>\n<p>Quels sont les facteurs de <a href=\"https:\/\/www.lillegrandpalais.com\/leblog\/environnement-et-cancer\/\" target=\"_blank\" rel=\"noopener noreferrer\">risque<\/a> ? Comment r\u00e9agir lorsqu&rsquo;un AVC survient ? Toutes les r\u00e9ponses \u00e0 vos questions ce mardi \u00e0 18h \u00e0 Lille Grand Palais.<\/p>\n<address>\u00a0<\/address>\n<address><a href=\"https:\/\/www.lillegrandpalais.com\/evenements\/conference-avc-le-temps-compte-institut-pasteur-de-lille\/\" target=\"_blank\" rel=\"noopener noreferrer\">\u00ab\u00a0AVC : le temps compte\u00a0\u00bb<\/a>, 100\u00e8me conf\u00e9rence de l&rsquo;Institut Pasteur de Lille, Lille Grand Palais, mardi 10 d\u00e9cembre 2013 \u00e0 18h.\u00a0<span style=\"font-size: 13px;line-height: 19px\">Inscription obligatoire, en ligne sur <\/span><a style=\"font-size: 13px;line-height: 19px\" href=\"http:\/\/www.pasteur-lille.fr\/5a7\" target=\"_blank\" rel=\"noopener noreferrer\">http:\/\/www.pasteur-lille.fr\/5a7<\/a><span style=\"font-size: 13px;line-height: 19px\">, par t\u00e9l\u00e9phone au 03 20 87 72 42 ou par e-mail \u00e0 conf5a7@pasteur-lille.fr\u00a0<\/span><\/address>\n<p>&nbsp;<\/p>\n","protected":false},"excerpt":{"rendered":"<p>A l&rsquo;occasion de la 100e \u00e9dition des conf\u00e9rences 5 \u00e0 7, l&rsquo;Institut Pasteur de Lille investit Lille Grand Palais pour organiser sa conf\u00e9rence sant\u00e9 grand public sur le th\u00e8me de l&rsquo;Accident Vasculaire C\u00e9r\u00e9bral (AVC). Un mardi par mois, de 17h \u00e0 19h, une conf\u00e9rence ouverte \u00e0 tous est organis\u00e9e par l&rsquo;Institut Pasteur de Lille afin [&hellip;]<\/p>\n","protected":false},"author":1,"featured_media":4918,"comment_status":"open","ping_status":"open","sticky":false,"template":"","format":"standard","meta":{"_acf_changed":false,"footnotes":""},"categories":[27],"tags":[334,335,336,297,125],"class_list":["post-4917","post","type-post","status-publish","format-standard","has-post-thumbnail","hentry","category-actu","tag-334","tag-avc","tag-conference","tag-institut-pasteur-de-lille","tag-sante"],"acf":[],"yoast_head":"<!-- This site is optimized with the Yoast SEO plugin v27.2 - https:\/\/yoast.com\/product\/yoast-seo-wordpress\/ -->\n<title>AVC : le temps compte, 100e conf\u00e9rence de l&#039;Institut Pasteur de Lille<\/title>\n<meta name=\"description\" content=\"100e \u00e9dition des conf\u00e9rences 5 \u00e0 7 - l&#039;Institut Pasteur de Lille investit Lille Grand Palais pour organiser sa conf\u00e9rence sur l&#039;AVC\" \/>\n<meta name=\"robots\" content=\"index, follow, max-snippet:-1, max-image-preview:large, max-video-preview:-1\" \/>\n<link rel=\"canonical\" href=\"https:\/\/www.lillegrandpalais.com\/leblog\/au-coeur-de-levenement\/linstitut-pasteur-de-lille-organise-sa-100eme-conference-a-lille-grand-palais\/\" \/>\n<meta property=\"og:locale\" content=\"fr_FR\" \/>\n<meta property=\"og:type\" content=\"article\" \/>\n<meta property=\"og:title\" content=\"AVC : le temps compte, 100e conf\u00e9rence de l&#039;Institut Pasteur de Lille\" \/>\n<meta property=\"og:description\" content=\"100e \u00e9dition des conf\u00e9rences 5 \u00e0 7 - l&#039;Institut Pasteur de Lille investit Lille Grand Palais pour organiser sa conf\u00e9rence sur l&#039;AVC\" \/>\n<meta property=\"og:url\" content=\"https:\/\/www.lillegrandpalais.com\/leblog\/au-coeur-de-levenement\/linstitut-pasteur-de-lille-organise-sa-100eme-conference-a-lille-grand-palais\/\" \/>\n<meta property=\"og:site_name\" content=\"Blog\" \/>\n<meta property=\"article:published_time\" content=\"2013-12-10T13:40:51+00:00\" \/>\n<meta name=\"author\" content=\"manuel@14h28.com\" \/>\n<meta name=\"twitter:card\" content=\"summary_large_image\" \/>\n<meta name=\"twitter:label1\" content=\"\u00c9crit par\" \/>\n\t<meta name=\"twitter:data1\" content=\"manuel@14h28.com\" \/>\n\t<meta name=\"twitter:label2\" content=\"Dur\u00e9e de lecture estim\u00e9e\" \/>\n\t<meta name=\"twitter:data2\" content=\"2 minutes\" \/>\n<script type=\"application\/ld+json\" class=\"yoast-schema-graph\">{\"@context\":\"https:\/\/schema.org\",\"@graph\":[{\"@type\":\"Article\",\"@id\":\"https:\/\/www.lillegrandpalais.com\/leblog\/au-coeur-de-levenement\/linstitut-pasteur-de-lille-organise-sa-100eme-conference-a-lille-grand-palais\/#article\",\"isPartOf\":{\"@id\":\"https:\/\/www.lillegrandpalais.com\/leblog\/au-coeur-de-levenement\/linstitut-pasteur-de-lille-organise-sa-100eme-conference-a-lille-grand-palais\/\"},\"author\":{\"name\":\"manuel@14h28.com\",\"@id\":\"https:\/\/www.lillegrandpalais.com\/leblog\/#\/schema\/person\/ff2adf04c81de654fda702333a9b25c8\"},\"headline\":\"L&rsquo;Institut Pasteur de Lille organise sa 100eme conf\u00e9rence \u00e0 Lille Grand Palais\",\"datePublished\":\"2013-12-10T13:40:51+00:00\",\"mainEntityOfPage\":{\"@id\":\"https:\/\/www.lillegrandpalais.com\/leblog\/au-coeur-de-levenement\/linstitut-pasteur-de-lille-organise-sa-100eme-conference-a-lille-grand-palais\/\"},\"wordCount\":367,\"commentCount\":0,\"image\":{\"@id\":\"https:\/\/www.lillegrandpalais.com\/leblog\/au-coeur-de-levenement\/linstitut-pasteur-de-lille-organise-sa-100eme-conference-a-lille-grand-palais\/#primaryimage\"},\"thumbnailUrl\":\"\",\"keywords\":[\"100\",\"AVC\",\"conf\u00e9rence\",\"Institut Pasteur de Lille\",\"sant\u00e9\"],\"articleSection\":[\"Actu\"],\"inLanguage\":\"fr-FR\",\"potentialAction\":[{\"@type\":\"CommentAction\",\"name\":\"Comment\",\"target\":[\"https:\/\/www.lillegrandpalais.com\/leblog\/au-coeur-de-levenement\/linstitut-pasteur-de-lille-organise-sa-100eme-conference-a-lille-grand-palais\/#respond\"]}]},{\"@type\":\"WebPage\",\"@id\":\"https:\/\/www.lillegrandpalais.com\/leblog\/au-coeur-de-levenement\/linstitut-pasteur-de-lille-organise-sa-100eme-conference-a-lille-grand-palais\/\",\"url\":\"https:\/\/www.lillegrandpalais.com\/leblog\/au-coeur-de-levenement\/linstitut-pasteur-de-lille-organise-sa-100eme-conference-a-lille-grand-palais\/\",\"name\":\"AVC : le temps compte, 100e conf\u00e9rence de l'Institut Pasteur de Lille\",\"isPartOf\":{\"@id\":\"https:\/\/www.lillegrandpalais.com\/leblog\/#website\"},\"primaryImageOfPage\":{\"@id\":\"https:\/\/www.lillegrandpalais.com\/leblog\/au-coeur-de-levenement\/linstitut-pasteur-de-lille-organise-sa-100eme-conference-a-lille-grand-palais\/#primaryimage\"},\"image\":{\"@id\":\"https:\/\/www.lillegrandpalais.com\/leblog\/au-coeur-de-levenement\/linstitut-pasteur-de-lille-organise-sa-100eme-conference-a-lille-grand-palais\/#primaryimage\"},\"thumbnailUrl\":\"\",\"datePublished\":\"2013-12-10T13:40:51+00:00\",\"author\":{\"@id\":\"https:\/\/www.lillegrandpalais.com\/leblog\/#\/schema\/person\/ff2adf04c81de654fda702333a9b25c8\"},\"description\":\"100e \u00e9dition des conf\u00e9rences 5 \u00e0 7 - l'Institut Pasteur de Lille investit Lille Grand Palais pour organiser sa conf\u00e9rence sur l'AVC\",\"breadcrumb\":{\"@id\":\"https:\/\/www.lillegrandpalais.com\/leblog\/au-coeur-de-levenement\/linstitut-pasteur-de-lille-organise-sa-100eme-conference-a-lille-grand-palais\/#breadcrumb\"},\"inLanguage\":\"fr-FR\",\"potentialAction\":[{\"@type\":\"ReadAction\",\"target\":[\"https:\/\/www.lillegrandpalais.com\/leblog\/au-coeur-de-levenement\/linstitut-pasteur-de-lille-organise-sa-100eme-conference-a-lille-grand-palais\/\"]}]},{\"@type\":\"ImageObject\",\"inLanguage\":\"fr-FR\",\"@id\":\"https:\/\/www.lillegrandpalais.com\/leblog\/au-coeur-de-levenement\/linstitut-pasteur-de-lille-organise-sa-100eme-conference-a-lille-grand-palais\/#primaryimage\",\"url\":\"\",\"contentUrl\":\"\"},{\"@type\":\"BreadcrumbList\",\"@id\":\"https:\/\/www.lillegrandpalais.com\/leblog\/au-coeur-de-levenement\/linstitut-pasteur-de-lille-organise-sa-100eme-conference-a-lille-grand-palais\/#breadcrumb\",\"itemListElement\":[{\"@type\":\"ListItem\",\"position\":1,\"name\":\"Accueil\",\"item\":\"https:\/\/www.lillegrandpalais.com\/leblog\/\"},{\"@type\":\"ListItem\",\"position\":2,\"name\":\"L&rsquo;Institut Pasteur de Li...\"}]},{\"@type\":\"WebSite\",\"@id\":\"https:\/\/www.lillegrandpalais.com\/leblog\/#website\",\"url\":\"https:\/\/www.lillegrandpalais.com\/leblog\/\",\"name\":\"Blog\",\"description\":\"\",\"potentialAction\":[{\"@type\":\"SearchAction\",\"target\":{\"@type\":\"EntryPoint\",\"urlTemplate\":\"https:\/\/www.lillegrandpalais.com\/leblog\/?s={search_term_string}\"},\"query-input\":{\"@type\":\"PropertyValueSpecification\",\"valueRequired\":true,\"valueName\":\"search_term_string\"}}],\"inLanguage\":\"fr-FR\"},{\"@type\":\"Person\",\"@id\":\"https:\/\/www.lillegrandpalais.com\/leblog\/#\/schema\/person\/ff2adf04c81de654fda702333a9b25c8\",\"name\":\"manuel@14h28.com\",\"image\":{\"@type\":\"ImageObject\",\"inLanguage\":\"fr-FR\",\"@id\":\"https:\/\/secure.gravatar.com\/avatar\/2dda1fcf8bd5402d886ab633ea18a694b68c81ac7d92d0c31950634de1c4972a?s=96&d=mm&r=g\",\"url\":\"https:\/\/secure.gravatar.com\/avatar\/2dda1fcf8bd5402d886ab633ea18a694b68c81ac7d92d0c31950634de1c4972a?s=96&d=mm&r=g\",\"contentUrl\":\"https:\/\/secure.gravatar.com\/avatar\/2dda1fcf8bd5402d886ab633ea18a694b68c81ac7d92d0c31950634de1c4972a?s=96&d=mm&r=g\",\"caption\":\"manuel@14h28.com\"},\"sameAs\":[\"https:\/\/www.lillegrandpalais.com\"],\"url\":\"https:\/\/www.lillegrandpalais.com\/leblog\/author\/manuel14h28-com\/\"}]}<\/script>\n<!-- \/ Yoast SEO plugin. -->","yoast_head_json":{"title":"AVC : le temps compte, 100e conf\u00e9rence de l'Institut Pasteur de Lille","description":"100e \u00e9dition des conf\u00e9rences 5 \u00e0 7 - l'Institut Pasteur de Lille investit Lille Grand Palais pour organiser sa conf\u00e9rence sur l'AVC","robots":{"index":"index","follow":"follow","max-snippet":"max-snippet:-1","max-image-preview":"max-image-preview:large","max-video-preview":"max-video-preview:-1"},"canonical":"https:\/\/www.lillegrandpalais.com\/leblog\/au-coeur-de-levenement\/linstitut-pasteur-de-lille-organise-sa-100eme-conference-a-lille-grand-palais\/","og_locale":"fr_FR","og_type":"article","og_title":"AVC : le temps compte, 100e conf\u00e9rence de l'Institut Pasteur de Lille","og_description":"100e \u00e9dition des conf\u00e9rences 5 \u00e0 7 - l'Institut Pasteur de Lille investit Lille Grand Palais pour organiser sa conf\u00e9rence sur l'AVC","og_url":"https:\/\/www.lillegrandpalais.com\/leblog\/au-coeur-de-levenement\/linstitut-pasteur-de-lille-organise-sa-100eme-conference-a-lille-grand-palais\/","og_site_name":"Blog","article_published_time":"2013-12-10T13:40:51+00:00","author":"manuel@14h28.com","twitter_card":"summary_large_image","twitter_misc":{"\u00c9crit par":"manuel@14h28.com","Dur\u00e9e de lecture estim\u00e9e":"2 minutes"},"schema":{"@context":"https:\/\/schema.org","@graph":[{"@type":"Article","@id":"https:\/\/www.lillegrandpalais.com\/leblog\/au-coeur-de-levenement\/linstitut-pasteur-de-lille-organise-sa-100eme-conference-a-lille-grand-palais\/#article","isPartOf":{"@id":"https:\/\/www.lillegrandpalais.com\/leblog\/au-coeur-de-levenement\/linstitut-pasteur-de-lille-organise-sa-100eme-conference-a-lille-grand-palais\/"},"author":{"name":"manuel@14h28.com","@id":"https:\/\/www.lillegrandpalais.com\/leblog\/#\/schema\/person\/ff2adf04c81de654fda702333a9b25c8"},"headline":"L&rsquo;Institut Pasteur de Lille organise sa 100eme conf\u00e9rence \u00e0 Lille Grand Palais","datePublished":"2013-12-10T13:40:51+00:00","mainEntityOfPage":{"@id":"https:\/\/www.lillegrandpalais.com\/leblog\/au-coeur-de-levenement\/linstitut-pasteur-de-lille-organise-sa-100eme-conference-a-lille-grand-palais\/"},"wordCount":367,"commentCount":0,"image":{"@id":"https:\/\/www.lillegrandpalais.com\/leblog\/au-coeur-de-levenement\/linstitut-pasteur-de-lille-organise-sa-100eme-conference-a-lille-grand-palais\/#primaryimage"},"thumbnailUrl":"","keywords":["100","AVC","conf\u00e9rence","Institut Pasteur de Lille","sant\u00e9"],"articleSection":["Actu"],"inLanguage":"fr-FR","potentialAction":[{"@type":"CommentAction","name":"Comment","target":["https:\/\/www.lillegrandpalais.com\/leblog\/au-coeur-de-levenement\/linstitut-pasteur-de-lille-organise-sa-100eme-conference-a-lille-grand-palais\/#respond"]}]},{"@type":"WebPage","@id":"https:\/\/www.lillegrandpalais.com\/leblog\/au-coeur-de-levenement\/linstitut-pasteur-de-lille-organise-sa-100eme-conference-a-lille-grand-palais\/","url":"https:\/\/www.lillegrandpalais.com\/leblog\/au-coeur-de-levenement\/linstitut-pasteur-de-lille-organise-sa-100eme-conference-a-lille-grand-palais\/","name":"AVC : le temps compte, 100e conf\u00e9rence de l'Institut Pasteur de Lille","isPartOf":{"@id":"https:\/\/www.lillegrandpalais.com\/leblog\/#website"},"primaryImageOfPage":{"@id":"https:\/\/www.lillegrandpalais.com\/leblog\/au-coeur-de-levenement\/linstitut-pasteur-de-lille-organise-sa-100eme-conference-a-lille-grand-palais\/#primaryimage"},"image":{"@id":"https:\/\/www.lillegrandpalais.com\/leblog\/au-coeur-de-levenement\/linstitut-pasteur-de-lille-organise-sa-100eme-conference-a-lille-grand-palais\/#primaryimage"},"thumbnailUrl":"","datePublished":"2013-12-10T13:40:51+00:00","author":{"@id":"https:\/\/www.lillegrandpalais.com\/leblog\/#\/schema\/person\/ff2adf04c81de654fda702333a9b25c8"},"description":"100e \u00e9dition des conf\u00e9rences 5 \u00e0 7 - l'Institut Pasteur de Lille investit Lille Grand Palais pour organiser sa conf\u00e9rence sur l'AVC","breadcrumb":{"@id":"https:\/\/www.lillegrandpalais.com\/leblog\/au-coeur-de-levenement\/linstitut-pasteur-de-lille-organise-sa-100eme-conference-a-lille-grand-palais\/#breadcrumb"},"inLanguage":"fr-FR","potentialAction":[{"@type":"ReadAction","target":["https:\/\/www.lillegrandpalais.com\/leblog\/au-coeur-de-levenement\/linstitut-pasteur-de-lille-organise-sa-100eme-conference-a-lille-grand-palais\/"]}]},{"@type":"ImageObject","inLanguage":"fr-FR","@id":"https:\/\/www.lillegrandpalais.com\/leblog\/au-coeur-de-levenement\/linstitut-pasteur-de-lille-organise-sa-100eme-conference-a-lille-grand-palais\/#primaryimage","url":"","contentUrl":""},{"@type":"BreadcrumbList","@id":"https:\/\/www.lillegrandpalais.com\/leblog\/au-coeur-de-levenement\/linstitut-pasteur-de-lille-organise-sa-100eme-conference-a-lille-grand-palais\/#breadcrumb","itemListElement":[{"@type":"ListItem","position":1,"name":"Accueil","item":"https:\/\/www.lillegrandpalais.com\/leblog\/"},{"@type":"ListItem","position":2,"name":"L&rsquo;Institut Pasteur de Li..."}]},{"@type":"WebSite","@id":"https:\/\/www.lillegrandpalais.com\/leblog\/#website","url":"https:\/\/www.lillegrandpalais.com\/leblog\/","name":"Blog","description":"","potentialAction":[{"@type":"SearchAction","target":{"@type":"EntryPoint","urlTemplate":"https:\/\/www.lillegrandpalais.com\/leblog\/?s={search_term_string}"},"query-input":{"@type":"PropertyValueSpecification","valueRequired":true,"valueName":"search_term_string"}}],"inLanguage":"fr-FR"},{"@type":"Person","@id":"https:\/\/www.lillegrandpalais.com\/leblog\/#\/schema\/person\/ff2adf04c81de654fda702333a9b25c8","name":"manuel@14h28.com","image":{"@type":"ImageObject","inLanguage":"fr-FR","@id":"https:\/\/secure.gravatar.com\/avatar\/2dda1fcf8bd5402d886ab633ea18a694b68c81ac7d92d0c31950634de1c4972a?s=96&d=mm&r=g","url":"https:\/\/secure.gravatar.com\/avatar\/2dda1fcf8bd5402d886ab633ea18a694b68c81ac7d92d0c31950634de1c4972a?s=96&d=mm&r=g","contentUrl":"https:\/\/secure.gravatar.com\/avatar\/2dda1fcf8bd5402d886ab633ea18a694b68c81ac7d92d0c31950634de1c4972a?s=96&d=mm&r=g","caption":"manuel@14h28.com"},"sameAs":["https:\/\/www.lillegrandpalais.com"],"url":"https:\/\/www.lillegrandpalais.com\/leblog\/author\/manuel14h28-com\/"}]}},"_links":{"self":[{"href":"https:\/\/www.lillegrandpalais.com\/leblog\/wp-json\/wp\/v2\/posts\/4917","targetHints":{"allow":["GET"]}}],"collection":[{"href":"https:\/\/www.lillegrandpalais.com\/leblog\/wp-json\/wp\/v2\/posts"}],"about":[{"href":"https:\/\/www.lillegrandpalais.com\/leblog\/wp-json\/wp\/v2\/types\/post"}],"author":[{"embeddable":true,"href":"https:\/\/www.lillegrandpalais.com\/leblog\/wp-json\/wp\/v2\/users\/1"}],"replies":[{"embeddable":true,"href":"https:\/\/www.lillegrandpalais.com\/leblog\/wp-json\/wp\/v2\/comments?post=4917"}],"version-history":[{"count":0,"href":"https:\/\/www.lillegrandpalais.com\/leblog\/wp-json\/wp\/v2\/posts\/4917\/revisions"}],"wp:featuredmedia":[{"embeddable":true,"href":"https:\/\/www.lillegrandpalais.com\/leblog\/wp-json\/"}],"wp:attachment":[{"href":"https:\/\/www.lillegrandpalais.com\/leblog\/wp-json\/wp\/v2\/media?parent=4917"}],"wp:term":[{"taxonomy":"category","embeddable":true,"href":"https:\/\/www.lillegrandpalais.com\/leblog\/wp-json\/wp\/v2\/categories?post=4917"},{"taxonomy":"post_tag","embeddable":true,"href":"https:\/\/www.lillegrandpalais.com\/leblog\/wp-json\/wp\/v2\/tags?post=4917"}],"curies":[{"name":"wp","href":"https:\/\/api.w.org\/{rel}","templated":true}]}}